{"id":3554,"date":"2026-09-02T12:04:26","date_gmt":"2026-09-02T10:04:26","guid":{"rendered":"https:\/\/www.normisjon.no\/sof\/?p=3554"},"modified":"2026-09-02T12:14:21","modified_gmt":"2026-09-02T10:14:21","slug":"velkomen-til-apha-ung","status":"publish","type":"post","link":"https:\/\/www.normisjon.no\/sof\/2026\/09\/02\/velkomen-til-apha-ung\/","title":{"rendered":"Velkomen til Apha UNG"},"content":{"rendered":"<div class=\"entry-content alignfull wp-block-post-content has-global-padding is-layout-constrained wp-block-post-content-is-layout-constrained\">\n<p>Klar for god mat, nye folk og spennende samtaler? <strong>Alpha Ung<\/strong> er et lavterskel tilbud for deg mellom 13 og 19 \u00e5r, enten du vil v\u00e6re med som <strong>deltaker<\/strong>, <strong>frivillig<\/strong> eller <strong>vert<\/strong>.<\/p>\n\n\n\n<p>Det beste av alt? <strong>Alt er 100 % gratis<\/strong> \u2013 inkludert maten p\u00e5 hver samling og Alpha-leir p\u00e5 Fjordly (ogs\u00e5 for ledere\/frivillige!). Vi har aldri samlinger i skolens ferier.<\/p>\n\n\n\n<p>Meld deg p\u00e5 her: <a href=\"https:\/\/forms.cloud.microsoft\/e\/HEJadpgB28\">P\u00e5melding til Alpha Ung Sogn og Fjordane 2026 \u2013 Fyll ut skjema<\/a> <br>(For deltagere, frivillige og verter)<\/p>\n\n\n\n<figure class=\"wp-block-embed is-type-video is-provider-youtube wp-block-embed-youtube wp-embed-aspect-16-9 wp-has-aspect-ratio\"><div class=\"wp-block-embed__wrapper\">\n<iframe loading=\"lazy\" title=\"New Alpha Youth Series \u2013 Official Trailer\" width=\"500\" height=\"281\" src=\"https:\/\/www.youtube.com\/embed\/aPPOuEXwZAc?feature=oembed\" frameborder=\"0\" allow=\"accelerometer; autoplay; clipboard-write; encrypted-media; gyroscope; picture-in-picture; web-share\" referrerpolicy=\"strict-origin-when-cross-origin\" allowfullscreen><\/iframe>\n<\/div><\/figure>\n\n\n\n<h3 class=\"wp-block-heading\">Hva skjer p\u00e5 Alpha Ung?<\/h3>\n\n\n\n<ul class=\"wp-block-list\">\n<li><strong>Gratis mat og hengeplass:<\/strong> Vi starter alltid med et godt m\u00e5ltid og tid til \u00e5 slappe av.<\/li>\n\n\n\n<li><strong>Alpha-leir p\u00e5 Fjordly:<\/strong> M\u00f8ter du p\u00e5 minst 3 av de 5 f\u00f8rste samlingene, blir du med p\u00e5 leir! (Fortvil ikke om du g\u00e5r glipp av en dag \u2013 vi setter opp oppsamlingsheat).<\/li>\n\n\n\n<li><strong>Bli frivillig eller vert:<\/strong> Du f\u00e5r full oppl\u00e6ring, ukentlig\/m\u00e5nedlig oppf\u00f8lging og gratis tilgang til alt av digitale verkt\u00f8y.<\/li>\n<\/ul>\n\n\n\n<p><strong>Les mer her:<\/strong> <a href=\"https:\/\/norge.alpha.org\/alphayouth\/\">Alpha Youth &#8211; Alpha Norge<\/a><\/p>\n\n\n\n<h3 class=\"wp-block-heading\">Finn ditt n\u00e6rmeste Alpha Ung-sted<\/h3>\n\n\n\n<figure class=\"wp-block-table\"><table class=\"has-fixed-layout\"><thead><tr><td><strong>Sted<\/strong><\/td><td><strong>Oppstart<\/strong><\/td><td><strong>Tid &amp; Sted<\/strong><\/td><td><strong>Opplegg<\/strong><\/td><\/tr><\/thead><tbody><tr><td><strong>M\u00e5l\u00f8y<\/strong><\/td><td>Tirsdag 1. sept 2026<\/td><td>Kl. 18:00 @ M\u00e5l\u00f8y Bedehus<\/td><td>M\u00e5nedlige samlinger<\/td><\/tr><tr><td><strong>Flor\u00f8<\/strong><\/td><td>Onsdag 16. sept 2026<\/td><td>Kl. 18:00\u201320:00 @ Kyrkjetorget<\/td><td>Ukentlig i 8 uker<\/td><\/tr><tr><td><strong>Nordfjordeid<\/strong><\/td><td>Torsdag 17. sept 2026<\/td><td>Kl. 18:00\u201320:00 @ Betania p\u00e5 Eid<\/td><td>Ukentlig i 8 uker<\/td><\/tr><tr><td><strong>F\u00f8rde<\/strong><\/td><td>Oktober 2026 \/ Jan 2027<\/td><td>F\u00f8rde kyrkje (okt) \/ Original Alpha Ung (jan)<\/td><td>Ukentlig i 8 uker<\/td><\/tr><tr><td><strong>Stryn<\/strong><\/td><td>Januar 2027<\/td><td>Tid og sted kommer ved p\u00e5melding<\/td><td>Ukentlig i 8 uker<\/td><\/tr><tr><td><strong>Sandane<\/strong><\/td><td>Dato kommer<\/td><td>Tid og sted oppgis ved p\u00e5melding<\/td><td>M\u00e5nedlige samlinger<\/td><\/tr><\/tbody><\/table><\/figure>\n\n\n\n<blockquote class=\"wp-block-quote is-layout-flow wp-block-quote-is-layout-flow\"><\/blockquote>\n\n\n\n<figure class=\"wp-block-image size-full\"><img loading=\"lazy\" decoding=\"async\" width=\"490\" height=\"504\" src=\"https:\/\/www.normisjon.no\/content\/uploads\/sites\/19\/2026\/09\/image-2.png\" alt=\"\" class=\"wp-image-3562\" srcset=\"https:\/\/www.normisjon.no\/content\/uploads\/sites\/19\/2026\/09\/image-2.png 490w, https:\/\/www.normisjon.no\/content\/uploads\/sites\/19\/2026\/09\/image-2-292x300.png 292w\" sizes=\"auto, (max-width: 490px) 100vw, 490px\" \/><\/figure>\n<\/div>","protected":false},"excerpt":{"rendered":"<p>Klar for god mat, nye folk og spennende samtaler? Alpha Ung er et lavterskel tilbud for deg mellom 13 og 19 \u00e5r, enten du vil [&hellip;]<\/p>\n","protected":false},"author":134,"featured_media":3562,"comment_status":"closed","ping_status":"closed","sticky":false,"template":"","format":"standard","meta":{"_acf_changed":false,"footnotes":""},"categories":[4],"tags":[],"class_list":["post-3554","post","type-post","status-publish","format-standard","has-post-thumbnail","hentry","category-kva-skjer"],"acf":[],"yoast_head":"<!-- This site is optimized with the Yoast SEO plugin v25.9 - https:\/\/yoast.com\/wordpress\/plugins\/seo\/ -->\n<title>Velkomen til Apha UNG - Region Sogn og Fjordane<\/title>\n<meta name=\"robots\" content=\"index, follow, max-snippet:-1, max-image-preview:large, max-video-preview:-1\" \/>\n<link rel=\"canonical\" href=\"https:\/\/www.normisjon.no\/sof\/2026\/09\/02\/velkomen-til-apha-ung\/\" \/>\n<meta property=\"og:locale\" content=\"nb_NO\" \/>\n<meta property=\"og:type\" content=\"article\" \/>\n<meta property=\"og:title\" content=\"Velkomen til Apha UNG - Region Sogn og Fjordane\" \/>\n<meta property=\"og:description\" content=\"Klar for god mat, nye folk og spennende samtaler? Alpha Ung er et lavterskel tilbud for deg mellom 13 og 19 \u00e5r, enten du vil [&hellip;]\" \/>\n<meta property=\"og:url\" content=\"https:\/\/www.normisjon.no\/sof\/2026\/09\/02\/velkomen-til-apha-ung\/\" \/>\n<meta property=\"og:site_name\" content=\"Region Sogn og Fjordane\" \/>\n<meta property=\"article:published_time\" content=\"2026-09-02T10:04:26+00:00\" \/>\n<meta property=\"article:modified_time\" content=\"2026-09-02T10:14:21+00:00\" \/>\n<meta property=\"og:image\" content=\"https:\/\/www.normisjon.no\/content\/uploads\/sites\/19\/2026\/09\/image-2.png\" \/>\n\t<meta property=\"og:image:width\" content=\"490\" \/>\n\t<meta property=\"og:image:height\" content=\"504\" \/>\n\t<meta property=\"og:image:type\" content=\"image\/png\" \/>\n<meta name=\"author\" content=\"styreleiar\" \/>\n<meta name=\"twitter:card\" content=\"summary_large_image\" \/>\n<meta name=\"twitter:label1\" content=\"Skrevet av\" \/>\n\t<meta name=\"twitter:data1\" content=\"styreleiar\" \/>\n\t<meta name=\"twitter:label2\" content=\"Ansl. lesetid\" \/>\n\t<meta name=\"twitter:data2\" content=\"2 minutter\" \/>\n<script type=\"application\/ld+json\" class=\"yoast-schema-graph\">{\"@context\":\"https:\/\/schema.org\",\"@graph\":[{\"@type\":\"WebPage\",\"@id\":\"https:\/\/www.normisjon.no\/sof\/2026\/09\/02\/velkomen-til-apha-ung\/\",\"url\":\"https:\/\/www.normisjon.no\/sof\/2026\/09\/02\/velkomen-til-apha-ung\/\",\"name\":\"Velkomen til Apha UNG - Region Sogn og Fjordane\",\"isPartOf\":{\"@id\":\"https:\/\/www.normisjon.no\/sof\/#website\"},\"primaryImageOfPage\":{\"@id\":\"https:\/\/www.normisjon.no\/sof\/2026\/09\/02\/velkomen-til-apha-ung\/#primaryimage\"},\"image\":{\"@id\":\"https:\/\/www.normisjon.no\/sof\/2026\/09\/02\/velkomen-til-apha-ung\/#primaryimage\"},\"thumbnailUrl\":\"https:\/\/www.normisjon.no\/content\/uploads\/sites\/19\/2026\/09\/image-2.png\",\"datePublished\":\"2026-09-02T10:04:26+00:00\",\"dateModified\":\"2026-09-02T10:14:21+00:00\",\"author\":{\"@id\":\"https:\/\/www.normisjon.no\/sof\/#\/schema\/person\/270525a0f8e8dce8bd88b710fd3f53b3\"},\"breadcrumb\":{\"@id\":\"https:\/\/www.normisjon.no\/sof\/2026\/09\/02\/velkomen-til-apha-ung\/#breadcrumb\"},\"inLanguage\":\"nb-NO\",\"potentialAction\":[{\"@type\":\"ReadAction\",\"target\":[\"https:\/\/www.normisjon.no\/sof\/2026\/09\/02\/velkomen-til-apha-ung\/\"]}]},{\"@type\":\"ImageObject\",\"inLanguage\":\"nb-NO\",\"@id\":\"https:\/\/www.normisjon.no\/sof\/2026\/09\/02\/velkomen-til-apha-ung\/#primaryimage\",\"url\":\"https:\/\/www.normisjon.no\/content\/uploads\/sites\/19\/2026\/09\/image-2.png\",\"contentUrl\":\"https:\/\/www.normisjon.no\/content\/uploads\/sites\/19\/2026\/09\/image-2.png\",\"width\":490,\"height\":504},{\"@type\":\"BreadcrumbList\",\"@id\":\"https:\/\/www.normisjon.no\/sof\/2026\/09\/02\/velkomen-til-apha-ung\/#breadcrumb\",\"itemListElement\":[{\"@type\":\"ListItem\",\"position\":1,\"name\":\"Home\",\"item\":\"https:\/\/www.normisjon.no\/sof\/\"},{\"@type\":\"ListItem\",\"position\":2,\"name\":\"Velkomen til Apha UNG\"}]},{\"@type\":\"WebSite\",\"@id\":\"https:\/\/www.normisjon.no\/sof\/#website\",\"url\":\"https:\/\/www.normisjon.no\/sof\/\",\"name\":\"Region Sogn og Fjordane\",\"description\":\"\",\"potentialAction\":[{\"@type\":\"SearchAction\",\"target\":{\"@type\":\"EntryPoint\",\"urlTemplate\":\"https:\/\/www.normisjon.no\/sof\/?s={search_term_string}\"},\"query-input\":{\"@type\":\"PropertyValueSpecification\",\"valueRequired\":true,\"valueName\":\"search_term_string\"}}],\"inLanguage\":\"nb-NO\"},{\"@type\":\"Person\",\"@id\":\"https:\/\/www.normisjon.no\/sof\/#\/schema\/person\/270525a0f8e8dce8bd88b710fd3f53b3\",\"name\":\"styreleiar\",\"image\":{\"@type\":\"ImageObject\",\"inLanguage\":\"nb-NO\",\"@id\":\"https:\/\/www.normisjon.no\/sof\/#\/schema\/person\/image\/\",\"url\":\"https:\/\/secure.gravatar.com\/avatar\/487f06b721a4cadf9f8ce9231245aa459262e9292f1e305581972efee46265f3?s=96&d=mm&r=g\",\"contentUrl\":\"https:\/\/secure.gravatar.com\/avatar\/487f06b721a4cadf9f8ce9231245aa459262e9292f1e305581972efee46265f3?s=96&d=mm&r=g\",\"caption\":\"styreleiar\"},\"url\":\"https:\/\/www.normisjon.no\/sof\/author\/styreleiar\/\"}]}<\/script>\n<!-- \/ Yoast SEO plugin. -->","yoast_head_json":{"title":"Velkomen til Apha UNG - Region Sogn og Fjordane","robots":{"index":"index","follow":"follow","max-snippet":"max-snippet:-1","max-image-preview":"max-image-preview:large","max-video-preview":"max-video-preview:-1"},"canonical":"https:\/\/www.normisjon.no\/sof\/2026\/09\/02\/velkomen-til-apha-ung\/","og_locale":"nb_NO","og_type":"article","og_title":"Velkomen til Apha UNG - Region Sogn og Fjordane","og_description":"Klar for god mat, nye folk og spennende samtaler? Alpha Ung er et lavterskel tilbud for deg mellom 13 og 19 \u00e5r, enten du vil [&hellip;]","og_url":"https:\/\/www.normisjon.no\/sof\/2026\/09\/02\/velkomen-til-apha-ung\/","og_site_name":"Region Sogn og Fjordane","article_published_time":"2026-09-02T10:04:26+00:00","article_modified_time":"2026-09-02T10:14:21+00:00","og_image":[{"width":490,"height":504,"url":"https:\/\/www.normisjon.no\/content\/uploads\/sites\/19\/2026\/09\/image-2.png","type":"image\/png"}],"author":"styreleiar","twitter_card":"summary_large_image","twitter_misc":{"Skrevet av":"styreleiar","Ansl. lesetid":"2 minutter"},"schema":{"@context":"https:\/\/schema.org","@graph":[{"@type":"WebPage","@id":"https:\/\/www.normisjon.no\/sof\/2026\/09\/02\/velkomen-til-apha-ung\/","url":"https:\/\/www.normisjon.no\/sof\/2026\/09\/02\/velkomen-til-apha-ung\/","name":"Velkomen til Apha UNG - Region Sogn og Fjordane","isPartOf":{"@id":"https:\/\/www.normisjon.no\/sof\/#website"},"primaryImageOfPage":{"@id":"https:\/\/www.normisjon.no\/sof\/2026\/09\/02\/velkomen-til-apha-ung\/#primaryimage"},"image":{"@id":"https:\/\/www.normisjon.no\/sof\/2026\/09\/02\/velkomen-til-apha-ung\/#primaryimage"},"thumbnailUrl":"https:\/\/www.normisjon.no\/content\/uploads\/sites\/19\/2026\/09\/image-2.png","datePublished":"2026-09-02T10:04:26+00:00","dateModified":"2026-09-02T10:14:21+00:00","author":{"@id":"https:\/\/www.normisjon.no\/sof\/#\/schema\/person\/270525a0f8e8dce8bd88b710fd3f53b3"},"breadcrumb":{"@id":"https:\/\/www.normisjon.no\/sof\/2026\/09\/02\/velkomen-til-apha-ung\/#breadcrumb"},"inLanguage":"nb-NO","potentialAction":[{"@type":"ReadAction","target":["https:\/\/www.normisjon.no\/sof\/2026\/09\/02\/velkomen-til-apha-ung\/"]}]},{"@type":"ImageObject","inLanguage":"nb-NO","@id":"https:\/\/www.normisjon.no\/sof\/2026\/09\/02\/velkomen-til-apha-ung\/#primaryimage","url":"https:\/\/www.normisjon.no\/content\/uploads\/sites\/19\/2026\/09\/image-2.png","contentUrl":"https:\/\/www.normisjon.no\/content\/uploads\/sites\/19\/2026\/09\/image-2.png","width":490,"height":504},{"@type":"BreadcrumbList","@id":"https:\/\/www.normisjon.no\/sof\/2026\/09\/02\/velkomen-til-apha-ung\/#breadcrumb","itemListElement":[{"@type":"ListItem","position":1,"name":"Home","item":"https:\/\/www.normisjon.no\/sof\/"},{"@type":"ListItem","position":2,"name":"Velkomen til Apha UNG"}]},{"@type":"WebSite","@id":"https:\/\/www.normisjon.no\/sof\/#website","url":"https:\/\/www.normisjon.no\/sof\/","name":"Region Sogn og Fjordane","description":"","potentialAction":[{"@type":"SearchAction","target":{"@type":"EntryPoint","urlTemplate":"https:\/\/www.normisjon.no\/sof\/?s={search_term_string}"},"query-input":{"@type":"PropertyValueSpecification","valueRequired":true,"valueName":"search_term_string"}}],"inLanguage":"nb-NO"},{"@type":"Person","@id":"https:\/\/www.normisjon.no\/sof\/#\/schema\/person\/270525a0f8e8dce8bd88b710fd3f53b3","name":"styreleiar","image":{"@type":"ImageObject","inLanguage":"nb-NO","@id":"https:\/\/www.normisjon.no\/sof\/#\/schema\/person\/image\/","url":"https:\/\/secure.gravatar.com\/avatar\/487f06b721a4cadf9f8ce9231245aa459262e9292f1e305581972efee46265f3?s=96&d=mm&r=g","contentUrl":"https:\/\/secure.gravatar.com\/avatar\/487f06b721a4cadf9f8ce9231245aa459262e9292f1e305581972efee46265f3?s=96&d=mm&r=g","caption":"styreleiar"},"url":"https:\/\/www.normisjon.no\/sof\/author\/styreleiar\/"}]}},"_links":{"self":[{"href":"https:\/\/www.normisjon.no\/sof\/wp-json\/wp\/v2\/posts\/3554","targetHints":{"allow":["GET"]}}],"collection":[{"href":"https:\/\/www.normisjon.no\/sof\/wp-json\/wp\/v2\/posts"}],"about":[{"href":"https:\/\/www.normisjon.no\/sof\/wp-json\/wp\/v2\/types\/post"}],"author":[{"embeddable":true,"href":"https:\/\/www.normisjon.no\/sof\/wp-json\/wp\/v2\/users\/134"}],"replies":[{"embeddable":true,"href":"https:\/\/www.normisjon.no\/sof\/wp-json\/wp\/v2\/comments?post=3554"}],"version-history":[{"count":3,"href":"https:\/\/www.normisjon.no\/sof\/wp-json\/wp\/v2\/posts\/3554\/revisions"}],"predecessor-version":[{"id":3563,"href":"https:\/\/www.normisjon.no\/sof\/wp-json\/wp\/v2\/posts\/3554\/revisions\/3563"}],"wp:featuredmedia":[{"embeddable":true,"href":"https:\/\/www.normisjon.no\/sof\/wp-json\/wp\/v2\/media\/3562"}],"wp:attachment":[{"href":"https:\/\/www.normisjon.no\/sof\/wp-json\/wp\/v2\/media?parent=3554"}],"wp:term":[{"taxonomy":"category","embeddable":true,"href":"https:\/\/www.normisjon.no\/sof\/wp-json\/wp\/v2\/categories?post=3554"},{"taxonomy":"post_tag","embeddable":true,"href":"https:\/\/www.normisjon.no\/sof\/wp-json\/wp\/v2\/tags?post=3554"}],"curies":[{"name":"wp","href":"https:\/\/api.w.org\/{rel}","templated":true}]}}