{"id":715,"date":"2017-03-01T12:21:59","date_gmt":"2017-03-01T11:21:59","guid":{"rendered":"https:\/\/www.normisjon.no\/sof\/?p=715"},"modified":"2018-09-03T14:22:41","modified_gmt":"2018-09-03T12:22:41","slug":"nest-best-korleis-det-gode-sa-lett-tek-plassen-til-den-gode","status":"publish","type":"post","link":"https:\/\/www.normisjon.no\/sof\/2017\/03\/01\/nest-best-korleis-det-gode-sa-lett-tek-plassen-til-den-gode\/","title":{"rendered":"Nest Best &#8211; korleis det gode s\u00e5 lett tek plassen til Den Gode"},"content":{"rendered":"<div class=\"entry-content alignfull wp-block-post-content has-global-padding is-layout-constrained wp-block-post-content-is-layout-constrained\">\n<p>Vi les i Bibelen og syng rett som det er i songar at Gud skapte oss for at vi skulle vere n\u00e6rt knytt til han, og at det er det beste for oss. Men vi har s\u00e5 utruleg lett for \u00e5 knyte v\u00e5re h\u00e5p, v\u00e5r verdi og v\u00e5r identitet til eitt eller anna som vi l\u00f8ftar opp og gjer til det viktigaste i livet v\u00e5rt. I denne serien vil vi pr\u00f8ve \u00e5 avsl\u00f8re korleis ting som eigentleg er gode i seg sj\u00f8lv kan bli guds-erstatningar. Kvifor ta til takke med det nest beste, erstatninga, n\u00e5r den ekte livgjevande varen er gratis tilgjengeleg for alle?<\/p>\n\n\n\n<figure class=\"wp-block-image\"><img loading=\"lazy\" decoding=\"async\" width=\"1200\" height=\"848\" src=\"https:\/\/www.normisjon.no\/content\/uploads\/sites\/19\/2018\/06\/v02_C99BB3C24C0F4896FB999EE659E36D8E-1.jpg\" alt=\"\" class=\"wp-image-728\" srcset=\"https:\/\/www.normisjon.no\/content\/uploads\/sites\/19\/2018\/06\/v02_C99BB3C24C0F4896FB999EE659E36D8E-1.jpg 1200w, https:\/\/www.normisjon.no\/content\/uploads\/sites\/19\/2018\/06\/v02_C99BB3C24C0F4896FB999EE659E36D8E-1-300x212.jpg 300w, https:\/\/www.normisjon.no\/content\/uploads\/sites\/19\/2018\/06\/v02_C99BB3C24C0F4896FB999EE659E36D8E-1-768x543.jpg 768w, https:\/\/www.normisjon.no\/content\/uploads\/sites\/19\/2018\/06\/v02_C99BB3C24C0F4896FB999EE659E36D8E-1-1024x724.jpg 1024w, https:\/\/www.normisjon.no\/content\/uploads\/sites\/19\/2018\/06\/v02_C99BB3C24C0F4896FB999EE659E36D8E-1-960x678.jpg 960w\" sizes=\"auto, (max-width: 1200px) 100vw, 1200px\" \/><\/figure>\n\n\n\n<hr class=\"wp-block-separator\" \/>\n\n\n\n<p><strong>1: Oppskrift p\u00e5 gudserstatning<\/strong><br \/>Introduksjon til serien<\/p>\n\n\n\n<figure class=\"wp-block-image\"><a href=\"https:\/\/www.normisjon.no\/content\/uploads\/sites\/19\/2018\/06\/v02_CE0FB5D2A7C62B8B0D1FC4DA9F4EA18B.jpg\"><img loading=\"lazy\" decoding=\"async\" width=\"960\" height=\"720\" src=\"https:\/\/www.normisjon.no\/content\/uploads\/sites\/19\/2018\/06\/v02_CE0FB5D2A7C62B8B0D1FC4DA9F4EA18B.jpg\" alt=\"\" class=\"wp-image-729\" srcset=\"https:\/\/www.normisjon.no\/content\/uploads\/sites\/19\/2018\/06\/v02_CE0FB5D2A7C62B8B0D1FC4DA9F4EA18B.jpg 960w, https:\/\/www.normisjon.no\/content\/uploads\/sites\/19\/2018\/06\/v02_CE0FB5D2A7C62B8B0D1FC4DA9F4EA18B-300x225.jpg 300w, https:\/\/www.normisjon.no\/content\/uploads\/sites\/19\/2018\/06\/v02_CE0FB5D2A7C62B8B0D1FC4DA9F4EA18B-768x576.jpg 768w\" sizes=\"auto, (max-width: 960px) 100vw, 960px\" \/><\/a><\/figure>\n\n\n\n<figure class=\"wp-block-audio\"><audio controls src=\"https:\/\/www.normisjon.no\/content\/uploads\/sites\/19\/2018\/06\/Oppskrift_paa_Gudserstatning.mp3\"><\/audio><figcaption>Tale av Andreas Tjomsland<\/figcaption><\/figure>\n\n\n\n<p><a href=\"https:\/\/www.normisjon.no\/content\/uploads\/sites\/19\/2018\/06\/Oppskrift-p\u00e5-gudserstatning.pdf\">PDF-versjon<\/a><\/p>\n\n\n\n<hr class=\"wp-block-separator\" \/>\n\n\n\n<p><strong><strong>2: Selfies, likes og basunbl\u00e5sing<\/strong><br \/><\/strong>Matteus 6, 1-18<\/p>\n\n\n\n<figure class=\"wp-block-image\"><a href=\"https:\/\/www.normisjon.no\/content\/uploads\/sites\/19\/2018\/06\/v02_7F93B36FBDB9C350D0FF0337D82E3B6C.jpg\"><img loading=\"lazy\" decoding=\"async\" width=\"960\" height=\"720\" src=\"https:\/\/www.normisjon.no\/content\/uploads\/sites\/19\/2018\/06\/v02_7F93B36FBDB9C350D0FF0337D82E3B6C.jpg\" alt=\"\" class=\"wp-image-724\" srcset=\"https:\/\/www.normisjon.no\/content\/uploads\/sites\/19\/2018\/06\/v02_7F93B36FBDB9C350D0FF0337D82E3B6C.jpg 960w, https:\/\/www.normisjon.no\/content\/uploads\/sites\/19\/2018\/06\/v02_7F93B36FBDB9C350D0FF0337D82E3B6C-300x225.jpg 300w, https:\/\/www.normisjon.no\/content\/uploads\/sites\/19\/2018\/06\/v02_7F93B36FBDB9C350D0FF0337D82E3B6C-768x576.jpg 768w\" sizes=\"auto, (max-width: 960px) 100vw, 960px\" \/><\/a><\/figure>\n\n\n\n<figure class=\"wp-block-audio\"><audio controls src=\"https:\/\/www.normisjon.no\/content\/uploads\/sites\/19\/2018\/06\/Selfies_likes_og_basunblaasing.mp3\"><\/audio><figcaption>Tale av Andreas Tjomsland<\/figcaption><\/figure>\n\n\n\n<p><a href=\"https:\/\/www.normisjon.no\/content\/uploads\/sites\/19\/2018\/06\/Selfies-likes-og-basunbl\u00e5sing.pdf\">PDF-versjon<\/a><\/p>\n\n\n\n<hr class=\"wp-block-separator\" \/>\n\n\n\n<p><strong>\ufeff3: Sommarkroppar og bilringar<\/strong><br \/>Hebr. 2, 14-18<\/p>\n\n\n\n<figure class=\"wp-block-image\"><a href=\"https:\/\/www.normisjon.no\/content\/uploads\/sites\/19\/2018\/06\/v02_1F53FD6B942F9B7632CBF4AA031B0047.jpg\"><img loading=\"lazy\" decoding=\"async\" width=\"960\" height=\"720\" src=\"https:\/\/www.normisjon.no\/content\/uploads\/sites\/19\/2018\/06\/v02_1F53FD6B942F9B7632CBF4AA031B0047.jpg\" alt=\"\" class=\"wp-image-720\" srcset=\"https:\/\/www.normisjon.no\/content\/uploads\/sites\/19\/2018\/06\/v02_1F53FD6B942F9B7632CBF4AA031B0047.jpg 960w, https:\/\/www.normisjon.no\/content\/uploads\/sites\/19\/2018\/06\/v02_1F53FD6B942F9B7632CBF4AA031B0047-300x225.jpg 300w, https:\/\/www.normisjon.no\/content\/uploads\/sites\/19\/2018\/06\/v02_1F53FD6B942F9B7632CBF4AA031B0047-768x576.jpg 768w\" sizes=\"auto, (max-width: 960px) 100vw, 960px\" \/><\/a><\/figure>\n\n\n\n<figure class=\"wp-block-audio\"><audio controls src=\"https:\/\/www.normisjon.no\/content\/uploads\/sites\/19\/2018\/06\/Sommarkroppar_og_bilringar.mp3\"><\/audio><figcaption>Tale av Andreas Tjomsland<\/figcaption><\/figure>\n\n\n\n<p><a href=\"https:\/\/www.normisjon.no\/content\/uploads\/sites\/19\/2018\/06\/Sommarkroppar-og-bilringar.pdf\">PDF-versjon<\/a><\/p>\n\n\n\n<hr class=\"wp-block-separator\" \/>\n\n\n\n<p><strong>\ufeff4: Familieidyll og fjernstyrte barn<\/strong><br \/>Matteus 10, 32-39<\/p>\n\n\n\n<figure class=\"wp-block-image\"><a href=\"https:\/\/www.normisjon.no\/content\/uploads\/sites\/19\/2018\/06\/v02_22C1518B0A10B59818AE1D80D0A7978C.jpg\"><img loading=\"lazy\" decoding=\"async\" width=\"960\" height=\"720\" src=\"https:\/\/www.normisjon.no\/content\/uploads\/sites\/19\/2018\/06\/v02_22C1518B0A10B59818AE1D80D0A7978C.jpg\" alt=\"\" class=\"wp-image-725\" srcset=\"https:\/\/www.normisjon.no\/content\/uploads\/sites\/19\/2018\/06\/v02_22C1518B0A10B59818AE1D80D0A7978C.jpg 960w, https:\/\/www.normisjon.no\/content\/uploads\/sites\/19\/2018\/06\/v02_22C1518B0A10B59818AE1D80D0A7978C-300x225.jpg 300w, https:\/\/www.normisjon.no\/content\/uploads\/sites\/19\/2018\/06\/v02_22C1518B0A10B59818AE1D80D0A7978C-768x576.jpg 768w\" sizes=\"auto, (max-width: 960px) 100vw, 960px\" \/><\/a><\/figure>\n\n\n\n<figure class=\"wp-block-audio\"><audio controls src=\"https:\/\/www.normisjon.no\/content\/uploads\/sites\/19\/2018\/06\/Familieidyll_og_fjernstyrte_barn.mp3\"><\/audio><figcaption>Tale av Andreas Tjomsland<\/figcaption><\/figure>\n\n\n\n<p><a href=\"https:\/\/www.normisjon.no\/content\/uploads\/sites\/19\/2018\/06\/Familieidyll-og-fjernstyrte-barn.pdf\">PDF-versjon<\/a><\/p>\n\n\n\n<hr class=\"wp-block-separator\" \/>\n\n\n\n<p><strong>5: Einest\u00e5ande individ<\/strong><br \/>Matteus 16, 21-26<\/p>\n\n\n\n<figure class=\"wp-block-image\"><a href=\"https:\/\/www.normisjon.no\/content\/uploads\/sites\/19\/2018\/06\/v02_1FB171A624F6E26FC21806E850F26C2D.jpg\"><img loading=\"lazy\" decoding=\"async\" width=\"960\" height=\"720\" src=\"https:\/\/www.normisjon.no\/content\/uploads\/sites\/19\/2018\/06\/v02_1FB171A624F6E26FC21806E850F26C2D.jpg\" alt=\"\" class=\"wp-image-721\" srcset=\"https:\/\/www.normisjon.no\/content\/uploads\/sites\/19\/2018\/06\/v02_1FB171A624F6E26FC21806E850F26C2D.jpg 960w, https:\/\/www.normisjon.no\/content\/uploads\/sites\/19\/2018\/06\/v02_1FB171A624F6E26FC21806E850F26C2D-300x225.jpg 300w, https:\/\/www.normisjon.no\/content\/uploads\/sites\/19\/2018\/06\/v02_1FB171A624F6E26FC21806E850F26C2D-768x576.jpg 768w\" sizes=\"auto, (max-width: 960px) 100vw, 960px\" \/><\/a><\/figure>\n\n\n\n<figure class=\"wp-block-audio\"><audio controls src=\"https:\/\/www.normisjon.no\/content\/uploads\/sites\/19\/2018\/06\/Einestaaande_individ.mp3\"><\/audio><figcaption>Tale av Andreas Tjomsland<\/figcaption><\/figure>\n\n\n\n<p><a href=\"https:\/\/www.normisjon.no\/content\/uploads\/sites\/19\/2018\/06\/Einest\u00e5ande-individ.pdf\">PDF-versjon<\/a><\/p>\n\n\n\n<hr class=\"wp-block-separator\" \/>\n\n\n\n<p><strong>6: Kvasse olbogar og heidersplassar<\/strong><br \/>Matteus 20, 21-26<\/p>\n\n\n\n<figure class=\"wp-block-image\"><a href=\"https:\/\/www.normisjon.no\/content\/uploads\/sites\/19\/2018\/06\/v02_0521245D7E7950E83892034A1F1EDD08.jpg\"><img loading=\"lazy\" decoding=\"async\" width=\"960\" height=\"720\" src=\"https:\/\/www.normisjon.no\/content\/uploads\/sites\/19\/2018\/06\/v02_0521245D7E7950E83892034A1F1EDD08.jpg\" alt=\"\" class=\"wp-image-726\" srcset=\"https:\/\/www.normisjon.no\/content\/uploads\/sites\/19\/2018\/06\/v02_0521245D7E7950E83892034A1F1EDD08.jpg 960w, https:\/\/www.normisjon.no\/content\/uploads\/sites\/19\/2018\/06\/v02_0521245D7E7950E83892034A1F1EDD08-300x225.jpg 300w, https:\/\/www.normisjon.no\/content\/uploads\/sites\/19\/2018\/06\/v02_0521245D7E7950E83892034A1F1EDD08-768x576.jpg 768w\" sizes=\"auto, (max-width: 960px) 100vw, 960px\" \/><\/a><\/figure>\n\n\n\n<figure class=\"wp-block-audio\"><audio controls src=\"https:\/\/www.normisjon.no\/content\/uploads\/sites\/19\/2018\/06\/Kvasse_olbogar.mp3\"><\/audio><figcaption>Tale av Andreas Tjomsland<\/figcaption><\/figure>\n\n\n\n<p><a href=\"https:\/\/www.normisjon.no\/content\/uploads\/sites\/19\/2018\/06\/Kvasse-olbogar-og-heidersplassar.pdf\">PDF-versjon<\/a><\/p>\n\n\n\n<hr class=\"wp-block-separator\" \/>\n\n\n\n<p><strong>7: Glinsande dingsar og pilla som ordnar alt<\/strong><br \/>Matteus 16, 21-26<\/p>\n\n\n\n<figure class=\"wp-block-image\"><a href=\"https:\/\/www.normisjon.no\/content\/uploads\/sites\/19\/2018\/06\/v02_5ACD61675A20C9E032355981629A46BA.jpg\"><img loading=\"lazy\" decoding=\"async\" width=\"960\" height=\"720\" src=\"https:\/\/www.normisjon.no\/content\/uploads\/sites\/19\/2018\/06\/v02_5ACD61675A20C9E032355981629A46BA.jpg\" alt=\"\" class=\"wp-image-722\" srcset=\"https:\/\/www.normisjon.no\/content\/uploads\/sites\/19\/2018\/06\/v02_5ACD61675A20C9E032355981629A46BA.jpg 960w, https:\/\/www.normisjon.no\/content\/uploads\/sites\/19\/2018\/06\/v02_5ACD61675A20C9E032355981629A46BA-300x225.jpg 300w, https:\/\/www.normisjon.no\/content\/uploads\/sites\/19\/2018\/06\/v02_5ACD61675A20C9E032355981629A46BA-768x576.jpg 768w\" sizes=\"auto, (max-width: 960px) 100vw, 960px\" \/><\/a><\/figure>\n\n\n\n<figure class=\"wp-block-audio\"><audio controls src=\"https:\/\/www.normisjon.no\/content\/uploads\/sites\/19\/2018\/06\/Glinsande_dingsar.mp3\"><\/audio><figcaption>Tale av Andreas Tjomsland<\/figcaption><\/figure>\n\n\n\n<p><a href=\"https:\/\/www.normisjon.no\/content\/uploads\/sites\/19\/2018\/06\/Glinsande-dingsar-og-pilla-som-ordnar-alt.pdf\">PDF-versjon<\/a><\/p>\n\n\n\n<hr class=\"wp-block-separator\" \/>\n\n\n\n<p><strong>8: Velstand og motstand<\/strong><br \/>Apostelgjerningane 19, 18-32<\/p>\n\n\n\n<figure class=\"wp-block-image\"><a href=\"https:\/\/www.normisjon.no\/content\/uploads\/sites\/19\/2018\/06\/v02_5F3151F06E4A05B7122677EA33CE0CD4.jpg\"><img loading=\"lazy\" decoding=\"async\" width=\"960\" height=\"720\" src=\"https:\/\/www.normisjon.no\/content\/uploads\/sites\/19\/2018\/06\/v02_5F3151F06E4A05B7122677EA33CE0CD4.jpg\" alt=\"\" class=\"wp-image-723\" srcset=\"https:\/\/www.normisjon.no\/content\/uploads\/sites\/19\/2018\/06\/v02_5F3151F06E4A05B7122677EA33CE0CD4.jpg 960w, https:\/\/www.normisjon.no\/content\/uploads\/sites\/19\/2018\/06\/v02_5F3151F06E4A05B7122677EA33CE0CD4-300x225.jpg 300w, https:\/\/www.normisjon.no\/content\/uploads\/sites\/19\/2018\/06\/v02_5F3151F06E4A05B7122677EA33CE0CD4-768x576.jpg 768w\" sizes=\"auto, (max-width: 960px) 100vw, 960px\" \/><\/a><\/figure>\n\n\n\n<figure class=\"wp-block-audio\"><audio controls src=\"https:\/\/www.normisjon.no\/content\/uploads\/sites\/19\/2018\/06\/Velstand_og_Motstand.mp3\"><\/audio><figcaption>Tale av Andreas Tjomsland<\/figcaption><\/figure>\n\n\n\n<p><a href=\"https:\/\/www.normisjon.no\/content\/uploads\/sites\/19\/2018\/06\/Velstand-og-motstand.pdf\">PDF-versjon<\/a><\/p>\n\n\n\n<hr class=\"wp-block-separator\" \/>\n\n\n\n<p><strong>9: Draumedama og Riddar Galant<\/strong><br \/>1. Mosebok 29, 15-35<\/p>\n\n\n\n<figure class=\"wp-block-image\"><a href=\"https:\/\/www.normisjon.no\/content\/uploads\/sites\/19\/2018\/06\/v02_B014607D5BACB98E3365B04A3CFE1BF0.jpg\"><img loading=\"lazy\" decoding=\"async\" width=\"960\" height=\"720\" src=\"https:\/\/www.normisjon.no\/content\/uploads\/sites\/19\/2018\/06\/v02_B014607D5BACB98E3365B04A3CFE1BF0.jpg\" alt=\"\" class=\"wp-image-727\" srcset=\"https:\/\/www.normisjon.no\/content\/uploads\/sites\/19\/2018\/06\/v02_B014607D5BACB98E3365B04A3CFE1BF0.jpg 960w, https:\/\/www.normisjon.no\/content\/uploads\/sites\/19\/2018\/06\/v02_B014607D5BACB98E3365B04A3CFE1BF0-300x225.jpg 300w, https:\/\/www.normisjon.no\/content\/uploads\/sites\/19\/2018\/06\/v02_B014607D5BACB98E3365B04A3CFE1BF0-768x576.jpg 768w\" sizes=\"auto, (max-width: 960px) 100vw, 960px\" \/><\/a><\/figure>\n\n\n\n<figure class=\"wp-block-audio\"><audio controls src=\"https:\/\/www.normisjon.no\/content\/uploads\/sites\/19\/2018\/06\/Draumedama.mp3\"><\/audio><figcaption>Tale av Andreas Tjomsland<\/figcaption><\/figure>\n\n\n\n<p><a href=\"https:\/\/www.normisjon.no\/content\/uploads\/sites\/19\/2018\/06\/Draumedama-og-Riddar-Galant.pdf\">PDF-versjon<\/a><\/p>\n\n\n\n<hr class=\"wp-block-separator\" \/>\n\n\n\n<p><strong>\ufeff10: VIND\u2122, no p\u00e5 TILBOD!<\/strong><br \/>Forkynnaren 2, 1-11\/24-25<\/p>\n\n\n\n<figure class=\"wp-block-image\"><a href=\"https:\/\/www.normisjon.no\/content\/uploads\/sites\/19\/2018\/06\/v02_1EF3FF7892CC9AFCC950185A0AFF34AE.jpg\"><img loading=\"lazy\" decoding=\"async\" width=\"960\" height=\"720\" src=\"https:\/\/www.normisjon.no\/content\/uploads\/sites\/19\/2018\/06\/v02_1EF3FF7892CC9AFCC950185A0AFF34AE.jpg\" alt=\"\" class=\"wp-image-719\" srcset=\"https:\/\/www.normisjon.no\/content\/uploads\/sites\/19\/2018\/06\/v02_1EF3FF7892CC9AFCC950185A0AFF34AE.jpg 960w, https:\/\/www.normisjon.no\/content\/uploads\/sites\/19\/2018\/06\/v02_1EF3FF7892CC9AFCC950185A0AFF34AE-300x225.jpg 300w, https:\/\/www.normisjon.no\/content\/uploads\/sites\/19\/2018\/06\/v02_1EF3FF7892CC9AFCC950185A0AFF34AE-768x576.jpg 768w\" sizes=\"auto, (max-width: 960px) 100vw, 960px\" \/><\/a><\/figure>\n\n\n\n<figure class=\"wp-block-audio\"><audio controls src=\"https:\/\/www.normisjon.no\/content\/uploads\/sites\/19\/2018\/06\/Vind_paa_tilbod.mp3\"><\/audio><figcaption>Tale av Andreas Tjomsland<\/figcaption><\/figure>\n\n\n\n<p><a href=\"https:\/\/www.normisjon.no\/content\/uploads\/sites\/19\/2018\/06\/Vind-no-p\u00e5-tilbod.pdf\">PDF-versjon<\/a><\/p>\n<\/div>","protected":false},"excerpt":{"rendered":"<p>Vi les i Bibelen og syng rett som det er i songar at Gud skapte oss for at vi skulle vere n\u00e6rt knytt til han, [&hellip;]<\/p>\n","protected":false},"author":44,"featured_media":728,"comment_status":"closed","ping_status":"closed","sticky":false,"template":"","format":"standard","meta":{"_acf_changed":false,"footnotes":""},"categories":[5,6],"tags":[],"class_list":["post-715","post","type-post","status-publish","format-standard","has-post-thumbnail","hentry","category-ressursar","category-smagruppeopplegg"],"acf":[],"yoast_head":"<!-- This site is optimized with the Yoast SEO plugin v25.9 - https:\/\/yoast.com\/wordpress\/plugins\/seo\/ -->\n<title>Nest Best - korleis det gode s\u00e5 lett tek plassen til Den Gode - Region Sogn og Fjordane<\/title>\n<meta name=\"robots\" content=\"index, follow, max-snippet:-1, max-image-preview:large, max-video-preview:-1\" \/>\n<link rel=\"canonical\" href=\"https:\/\/www.normisjon.no\/sof\/2017\/03\/01\/nest-best-korleis-det-gode-sa-lett-tek-plassen-til-den-gode\/\" \/>\n<meta property=\"og:locale\" content=\"nb_NO\" \/>\n<meta property=\"og:type\" content=\"article\" \/>\n<meta property=\"og:title\" content=\"Nest Best - korleis det gode s\u00e5 lett tek plassen til Den Gode - Region Sogn og Fjordane\" \/>\n<meta property=\"og:description\" content=\"Vi les i Bibelen og syng rett som det er i songar at Gud skapte oss for at vi skulle vere n\u00e6rt knytt til han, [&hellip;]\" \/>\n<meta property=\"og:url\" content=\"https:\/\/www.normisjon.no\/sof\/2017\/03\/01\/nest-best-korleis-det-gode-sa-lett-tek-plassen-til-den-gode\/\" \/>\n<meta property=\"og:site_name\" content=\"Region Sogn og Fjordane\" \/>\n<meta property=\"article:published_time\" content=\"2017-03-01T11:21:59+00:00\" \/>\n<meta property=\"article:modified_time\" content=\"2018-09-03T12:22:41+00:00\" \/>\n<meta property=\"og:image\" content=\"https:\/\/www.normisjon.no\/content\/uploads\/sites\/19\/2018\/06\/v02_C99BB3C24C0F4896FB999EE659E36D8E-1.jpg\" \/>\n\t<meta property=\"og:image:width\" content=\"1200\" \/>\n\t<meta property=\"og:image:height\" content=\"848\" \/>\n\t<meta property=\"og:image:type\" content=\"image\/jpeg\" \/>\n<meta name=\"author\" content=\"andreast\" \/>\n<meta name=\"twitter:card\" content=\"summary_large_image\" \/>\n<meta name=\"twitter:label1\" content=\"Skrevet av\" \/>\n\t<meta name=\"twitter:data1\" content=\"andreast\" \/>\n\t<meta name=\"twitter:label2\" content=\"Ansl. lesetid\" \/>\n\t<meta name=\"twitter:data2\" content=\"1 minutt\" \/>\n<script type=\"application\/ld+json\" class=\"yoast-schema-graph\">{\"@context\":\"https:\/\/schema.org\",\"@graph\":[{\"@type\":\"WebPage\",\"@id\":\"https:\/\/www.normisjon.no\/sof\/2017\/03\/01\/nest-best-korleis-det-gode-sa-lett-tek-plassen-til-den-gode\/\",\"url\":\"https:\/\/www.normisjon.no\/sof\/2017\/03\/01\/nest-best-korleis-det-gode-sa-lett-tek-plassen-til-den-gode\/\",\"name\":\"Nest Best - korleis det gode s\u00e5 lett tek plassen til Den Gode - Region Sogn og Fjordane\",\"isPartOf\":{\"@id\":\"https:\/\/www.normisjon.no\/sof\/#website\"},\"primaryImageOfPage\":{\"@id\":\"https:\/\/www.normisjon.no\/sof\/2017\/03\/01\/nest-best-korleis-det-gode-sa-lett-tek-plassen-til-den-gode\/#primaryimage\"},\"image\":{\"@id\":\"https:\/\/www.normisjon.no\/sof\/2017\/03\/01\/nest-best-korleis-det-gode-sa-lett-tek-plassen-til-den-gode\/#primaryimage\"},\"thumbnailUrl\":\"https:\/\/www.normisjon.no\/content\/uploads\/sites\/19\/2018\/06\/v02_C99BB3C24C0F4896FB999EE659E36D8E-1.jpg\",\"datePublished\":\"2017-03-01T11:21:59+00:00\",\"dateModified\":\"2018-09-03T12:22:41+00:00\",\"author\":{\"@id\":\"https:\/\/www.normisjon.no\/sof\/#\/schema\/person\/014031d17806bdb783d29d828d49a7df\"},\"breadcrumb\":{\"@id\":\"https:\/\/www.normisjon.no\/sof\/2017\/03\/01\/nest-best-korleis-det-gode-sa-lett-tek-plassen-til-den-gode\/#breadcrumb\"},\"inLanguage\":\"nb-NO\",\"potentialAction\":[{\"@type\":\"ReadAction\",\"target\":[\"https:\/\/www.normisjon.no\/sof\/2017\/03\/01\/nest-best-korleis-det-gode-sa-lett-tek-plassen-til-den-gode\/\"]}]},{\"@type\":\"ImageObject\",\"inLanguage\":\"nb-NO\",\"@id\":\"https:\/\/www.normisjon.no\/sof\/2017\/03\/01\/nest-best-korleis-det-gode-sa-lett-tek-plassen-til-den-gode\/#primaryimage\",\"url\":\"https:\/\/www.normisjon.no\/content\/uploads\/sites\/19\/2018\/06\/v02_C99BB3C24C0F4896FB999EE659E36D8E-1.jpg\",\"contentUrl\":\"https:\/\/www.normisjon.no\/content\/uploads\/sites\/19\/2018\/06\/v02_C99BB3C24C0F4896FB999EE659E36D8E-1.jpg\",\"width\":1200,\"height\":848},{\"@type\":\"BreadcrumbList\",\"@id\":\"https:\/\/www.normisjon.no\/sof\/2017\/03\/01\/nest-best-korleis-det-gode-sa-lett-tek-plassen-til-den-gode\/#breadcrumb\",\"itemListElement\":[{\"@type\":\"ListItem\",\"position\":1,\"name\":\"Home\",\"item\":\"https:\/\/www.normisjon.no\/sof\/\"},{\"@type\":\"ListItem\",\"position\":2,\"name\":\"Nest Best &#8211; korleis det gode s\u00e5 lett tek plassen til Den Gode\"}]},{\"@type\":\"WebSite\",\"@id\":\"https:\/\/www.normisjon.no\/sof\/#website\",\"url\":\"https:\/\/www.normisjon.no\/sof\/\",\"name\":\"Region Sogn og Fjordane\",\"description\":\"\",\"potentialAction\":[{\"@type\":\"SearchAction\",\"target\":{\"@type\":\"EntryPoint\",\"urlTemplate\":\"https:\/\/www.normisjon.no\/sof\/?s={search_term_string}\"},\"query-input\":{\"@type\":\"PropertyValueSpecification\",\"valueRequired\":true,\"valueName\":\"search_term_string\"}}],\"inLanguage\":\"nb-NO\"},{\"@type\":\"Person\",\"@id\":\"https:\/\/www.normisjon.no\/sof\/#\/schema\/person\/014031d17806bdb783d29d828d49a7df\",\"name\":\"andreast\",\"image\":{\"@type\":\"ImageObject\",\"inLanguage\":\"nb-NO\",\"@id\":\"https:\/\/www.normisjon.no\/sof\/#\/schema\/person\/image\/\",\"url\":\"https:\/\/secure.gravatar.com\/avatar\/4c381762876447d5b3ee7d4130f1cfa2ff431c7bd12c97eb32633663b4894d3f?s=96&d=mm&r=g\",\"contentUrl\":\"https:\/\/secure.gravatar.com\/avatar\/4c381762876447d5b3ee7d4130f1cfa2ff431c7bd12c97eb32633663b4894d3f?s=96&d=mm&r=g\",\"caption\":\"andreast\"},\"url\":\"https:\/\/www.normisjon.no\/sof\/author\/andreast\/\"}]}<\/script>\n<!-- \/ Yoast SEO plugin. -->","yoast_head_json":{"title":"Nest Best - korleis det gode s\u00e5 lett tek plassen til Den Gode - Region Sogn og Fjordane","robots":{"index":"index","follow":"follow","max-snippet":"max-snippet:-1","max-image-preview":"max-image-preview:large","max-video-preview":"max-video-preview:-1"},"canonical":"https:\/\/www.normisjon.no\/sof\/2017\/03\/01\/nest-best-korleis-det-gode-sa-lett-tek-plassen-til-den-gode\/","og_locale":"nb_NO","og_type":"article","og_title":"Nest Best - korleis det gode s\u00e5 lett tek plassen til Den Gode - Region Sogn og Fjordane","og_description":"Vi les i Bibelen og syng rett som det er i songar at Gud skapte oss for at vi skulle vere n\u00e6rt knytt til han, [&hellip;]","og_url":"https:\/\/www.normisjon.no\/sof\/2017\/03\/01\/nest-best-korleis-det-gode-sa-lett-tek-plassen-til-den-gode\/","og_site_name":"Region Sogn og Fjordane","article_published_time":"2017-03-01T11:21:59+00:00","article_modified_time":"2018-09-03T12:22:41+00:00","og_image":[{"width":1200,"height":848,"url":"https:\/\/www.normisjon.no\/content\/uploads\/sites\/19\/2018\/06\/v02_C99BB3C24C0F4896FB999EE659E36D8E-1.jpg","type":"image\/jpeg"}],"author":"andreast","twitter_card":"summary_large_image","twitter_misc":{"Skrevet av":"andreast","Ansl. lesetid":"1 minutt"},"schema":{"@context":"https:\/\/schema.org","@graph":[{"@type":"WebPage","@id":"https:\/\/www.normisjon.no\/sof\/2017\/03\/01\/nest-best-korleis-det-gode-sa-lett-tek-plassen-til-den-gode\/","url":"https:\/\/www.normisjon.no\/sof\/2017\/03\/01\/nest-best-korleis-det-gode-sa-lett-tek-plassen-til-den-gode\/","name":"Nest Best - korleis det gode s\u00e5 lett tek plassen til Den Gode - Region Sogn og Fjordane","isPartOf":{"@id":"https:\/\/www.normisjon.no\/sof\/#website"},"primaryImageOfPage":{"@id":"https:\/\/www.normisjon.no\/sof\/2017\/03\/01\/nest-best-korleis-det-gode-sa-lett-tek-plassen-til-den-gode\/#primaryimage"},"image":{"@id":"https:\/\/www.normisjon.no\/sof\/2017\/03\/01\/nest-best-korleis-det-gode-sa-lett-tek-plassen-til-den-gode\/#primaryimage"},"thumbnailUrl":"https:\/\/www.normisjon.no\/content\/uploads\/sites\/19\/2018\/06\/v02_C99BB3C24C0F4896FB999EE659E36D8E-1.jpg","datePublished":"2017-03-01T11:21:59+00:00","dateModified":"2018-09-03T12:22:41+00:00","author":{"@id":"https:\/\/www.normisjon.no\/sof\/#\/schema\/person\/014031d17806bdb783d29d828d49a7df"},"breadcrumb":{"@id":"https:\/\/www.normisjon.no\/sof\/2017\/03\/01\/nest-best-korleis-det-gode-sa-lett-tek-plassen-til-den-gode\/#breadcrumb"},"inLanguage":"nb-NO","potentialAction":[{"@type":"ReadAction","target":["https:\/\/www.normisjon.no\/sof\/2017\/03\/01\/nest-best-korleis-det-gode-sa-lett-tek-plassen-til-den-gode\/"]}]},{"@type":"ImageObject","inLanguage":"nb-NO","@id":"https:\/\/www.normisjon.no\/sof\/2017\/03\/01\/nest-best-korleis-det-gode-sa-lett-tek-plassen-til-den-gode\/#primaryimage","url":"https:\/\/www.normisjon.no\/content\/uploads\/sites\/19\/2018\/06\/v02_C99BB3C24C0F4896FB999EE659E36D8E-1.jpg","contentUrl":"https:\/\/www.normisjon.no\/content\/uploads\/sites\/19\/2018\/06\/v02_C99BB3C24C0F4896FB999EE659E36D8E-1.jpg","width":1200,"height":848},{"@type":"BreadcrumbList","@id":"https:\/\/www.normisjon.no\/sof\/2017\/03\/01\/nest-best-korleis-det-gode-sa-lett-tek-plassen-til-den-gode\/#breadcrumb","itemListElement":[{"@type":"ListItem","position":1,"name":"Home","item":"https:\/\/www.normisjon.no\/sof\/"},{"@type":"ListItem","position":2,"name":"Nest Best &#8211; korleis det gode s\u00e5 lett tek plassen til Den Gode"}]},{"@type":"WebSite","@id":"https:\/\/www.normisjon.no\/sof\/#website","url":"https:\/\/www.normisjon.no\/sof\/","name":"Region Sogn og Fjordane","description":"","potentialAction":[{"@type":"SearchAction","target":{"@type":"EntryPoint","urlTemplate":"https:\/\/www.normisjon.no\/sof\/?s={search_term_string}"},"query-input":{"@type":"PropertyValueSpecification","valueRequired":true,"valueName":"search_term_string"}}],"inLanguage":"nb-NO"},{"@type":"Person","@id":"https:\/\/www.normisjon.no\/sof\/#\/schema\/person\/014031d17806bdb783d29d828d49a7df","name":"andreast","image":{"@type":"ImageObject","inLanguage":"nb-NO","@id":"https:\/\/www.normisjon.no\/sof\/#\/schema\/person\/image\/","url":"https:\/\/secure.gravatar.com\/avatar\/4c381762876447d5b3ee7d4130f1cfa2ff431c7bd12c97eb32633663b4894d3f?s=96&d=mm&r=g","contentUrl":"https:\/\/secure.gravatar.com\/avatar\/4c381762876447d5b3ee7d4130f1cfa2ff431c7bd12c97eb32633663b4894d3f?s=96&d=mm&r=g","caption":"andreast"},"url":"https:\/\/www.normisjon.no\/sof\/author\/andreast\/"}]}},"_links":{"self":[{"href":"https:\/\/www.normisjon.no\/sof\/wp-json\/wp\/v2\/posts\/715","targetHints":{"allow":["GET"]}}],"collection":[{"href":"https:\/\/www.normisjon.no\/sof\/wp-json\/wp\/v2\/posts"}],"about":[{"href":"https:\/\/www.normisjon.no\/sof\/wp-json\/wp\/v2\/types\/post"}],"author":[{"embeddable":true,"href":"https:\/\/www.normisjon.no\/sof\/wp-json\/wp\/v2\/users\/44"}],"replies":[{"embeddable":true,"href":"https:\/\/www.normisjon.no\/sof\/wp-json\/wp\/v2\/comments?post=715"}],"version-history":[{"count":3,"href":"https:\/\/www.normisjon.no\/sof\/wp-json\/wp\/v2\/posts\/715\/revisions"}],"predecessor-version":[{"id":1361,"href":"https:\/\/www.normisjon.no\/sof\/wp-json\/wp\/v2\/posts\/715\/revisions\/1361"}],"wp:featuredmedia":[{"embeddable":true,"href":"https:\/\/www.normisjon.no\/sof\/wp-json\/wp\/v2\/media\/728"}],"wp:attachment":[{"href":"https:\/\/www.normisjon.no\/sof\/wp-json\/wp\/v2\/media?parent=715"}],"wp:term":[{"taxonomy":"category","embeddable":true,"href":"https:\/\/www.normisjon.no\/sof\/wp-json\/wp\/v2\/categories?post=715"},{"taxonomy":"post_tag","embeddable":true,"href":"https:\/\/www.normisjon.no\/sof\/wp-json\/wp\/v2\/tags?post=715"}],"curies":[{"name":"wp","href":"https:\/\/api.w.org\/{rel}","templated":true}]}}