{"id":907,"date":"2015-02-01T16:06:24","date_gmt":"2015-02-01T15:06:24","guid":{"rendered":"https:\/\/www.normisjon.no\/sof\/?p=907"},"modified":"2018-09-03T14:26:38","modified_gmt":"2018-09-03T12:26:38","slug":"kvardagstru-smagruppeopplegg","status":"publish","type":"post","link":"https:\/\/www.normisjon.no\/sof\/2015\/02\/01\/kvardagstru-smagruppeopplegg\/","title":{"rendered":"Kvardagstru &#8211; sm\u00e5gruppeopplegg"},"content":{"rendered":"<div class=\"entry-content alignfull wp-block-post-content has-global-padding is-layout-constrained wp-block-post-content-is-layout-constrained\">\n<figure class=\"wp-block-image\"><img loading=\"lazy\" decoding=\"async\" width=\"618\" height=\"360\" src=\"https:\/\/www.normisjon.no\/content\/uploads\/sites\/19\/2018\/06\/v02_176C0399431B4A02970CCC4B007F3408_c22X0X618X360.png\" alt=\"\" class=\"wp-image-904\" srcset=\"https:\/\/www.normisjon.no\/content\/uploads\/sites\/19\/2018\/06\/v02_176C0399431B4A02970CCC4B007F3408_c22X0X618X360.png 618w, https:\/\/www.normisjon.no\/content\/uploads\/sites\/19\/2018\/06\/v02_176C0399431B4A02970CCC4B007F3408_c22X0X618X360-300x175.png 300w\" sizes=\"auto, (max-width: 618px) 100vw, 618px\" \/><\/figure>\n\n\n\n<p>Det er kvardagar det er flest av. Difor er det ogs\u00e5 i kvardagen at truslivet levast. Evangeliet er kjerna i den kristne bodskapen, som handlar om at Gud gjennom Jesu Kristi liv, d\u00f8d og oppstode frelsar oss og gjev oss nytt liv av rein n\u00e5de. Dette er sj\u00f8lve kjelda til alt kristent liv. Mange ser p\u00e5 dette som kristendommens ABC &#8211; det er barnel\u00e6rdom, og difor ser ein etter andre ting som kan skape vekst, utvikling og insprasjon. Men evangeliet er faktisk kristenlivets A- \u00c5, og det er ved \u00e5 synke meir og meir ned i dette bodskapet at vi veks som kristne og modnast \u00e5ndelig. Problemet v\u00e5rt i eit n\u00f8tteskal: Vi har h\u00f8yrt evangeliet mange gonger, men ikkje tenkt ut korleis vi kan ta det i bruk p\u00e5 dei ulike arenaane og omr\u00e5da av liva v\u00e5re. Men i evangeliet ligg kraft og ressursar til heile livet ditt! Det store sp\u00f8rsm\u00e5let vert: korleis ser det ut n\u00e5r vi tek trua med oss inn i livet og kvardagen?<\/p>\n\n\n\n<hr class=\"wp-block-separator\" \/>\n\n\n\n<p><strong>1: Evangeliet og Bygda<\/strong><br \/>Jeremia 29,4-14<\/p>\n\n\n\n<figure class=\"wp-block-image\"><a href=\"https:\/\/www.normisjon.no\/content\/uploads\/sites\/19\/2018\/06\/v02_AD9A90AF4EDCA151D6C7B59A15B4F8A8.jpg\"><img loading=\"lazy\" decoding=\"async\" width=\"1200\" height=\"675\" src=\"https:\/\/www.normisjon.no\/content\/uploads\/sites\/19\/2018\/06\/v02_AD9A90AF4EDCA151D6C7B59A15B4F8A8.jpg\" alt=\"\" class=\"wp-image-903\" srcset=\"https:\/\/www.normisjon.no\/content\/uploads\/sites\/19\/2018\/06\/v02_AD9A90AF4EDCA151D6C7B59A15B4F8A8.jpg 1200w, https:\/\/www.normisjon.no\/content\/uploads\/sites\/19\/2018\/06\/v02_AD9A90AF4EDCA151D6C7B59A15B4F8A8-300x169.jpg 300w, https:\/\/www.normisjon.no\/content\/uploads\/sites\/19\/2018\/06\/v02_AD9A90AF4EDCA151D6C7B59A15B4F8A8-768x432.jpg 768w, https:\/\/www.normisjon.no\/content\/uploads\/sites\/19\/2018\/06\/v02_AD9A90AF4EDCA151D6C7B59A15B4F8A8-1024x576.jpg 1024w, https:\/\/www.normisjon.no\/content\/uploads\/sites\/19\/2018\/06\/v02_AD9A90AF4EDCA151D6C7B59A15B4F8A8-960x540.jpg 960w\" sizes=\"auto, (max-width: 1200px) 100vw, 1200px\" \/><\/a><\/figure>\n\n\n\n<figure class=\"wp-block-audio\"><audio controls src=\"https:\/\/www.normisjon.no\/content\/uploads\/sites\/19\/2018\/06\/Kvardagstru-EvangelietogBygda.mp3\"><\/audio><figcaption>Tale av Vegard Tenneb\u00f8<\/figcaption><\/figure>\n\n\n\n<hr class=\"wp-block-separator\" \/>\n\n\n\n<p><strong>2: Evangeliet og Hjartet<\/strong><br \/>Luk 15,11-32<\/p>\n\n\n\n<figure class=\"wp-block-image\"><a href=\"https:\/\/www.normisjon.no\/content\/uploads\/sites\/19\/2018\/06\/v02_3E519B5248B03519948FB6166D300C95.jpg\"><img loading=\"lazy\" decoding=\"async\" width=\"1200\" height=\"675\" src=\"https:\/\/www.normisjon.no\/content\/uploads\/sites\/19\/2018\/06\/v02_3E519B5248B03519948FB6166D300C95.jpg\" alt=\"\" class=\"wp-image-902\" srcset=\"https:\/\/www.normisjon.no\/content\/uploads\/sites\/19\/2018\/06\/v02_3E519B5248B03519948FB6166D300C95.jpg 1200w, https:\/\/www.normisjon.no\/content\/uploads\/sites\/19\/2018\/06\/v02_3E519B5248B03519948FB6166D300C95-300x169.jpg 300w, https:\/\/www.normisjon.no\/content\/uploads\/sites\/19\/2018\/06\/v02_3E519B5248B03519948FB6166D300C95-768x432.jpg 768w, https:\/\/www.normisjon.no\/content\/uploads\/sites\/19\/2018\/06\/v02_3E519B5248B03519948FB6166D300C95-1024x576.jpg 1024w, https:\/\/www.normisjon.no\/content\/uploads\/sites\/19\/2018\/06\/v02_3E519B5248B03519948FB6166D300C95-960x540.jpg 960w\" sizes=\"auto, (max-width: 1200px) 100vw, 1200px\" \/><\/a><\/figure>\n\n\n\n<figure class=\"wp-block-audio\"><audio controls src=\"https:\/\/www.normisjon.no\/content\/uploads\/sites\/19\/2018\/06\/Kvardagstru-EvangelietogHjartet.mp3\"><\/audio><figcaption>Tale av Vegard Tenneb\u00f8<\/figcaption><\/figure>\n\n\n\n<hr class=\"wp-block-separator\" \/>\n\n\n\n<p><strong>3: Evangeliet og Avgudane<\/strong><br \/>Romerbrevet 1,19-25<\/p>\n\n\n\n<figure class=\"wp-block-image\"><a href=\"https:\/\/www.normisjon.no\/content\/uploads\/sites\/19\/2018\/06\/36239584_10155335412135997_6701804403889799168_n.jpg\"><img loading=\"lazy\" decoding=\"async\" width=\"1920\" height=\"1080\" src=\"https:\/\/www.normisjon.no\/content\/uploads\/sites\/19\/2018\/06\/36239584_10155335412135997_6701804403889799168_n.jpg\" alt=\"\" class=\"wp-image-931\" srcset=\"https:\/\/www.normisjon.no\/content\/uploads\/sites\/19\/2018\/06\/36239584_10155335412135997_6701804403889799168_n.jpg 1920w, https:\/\/www.normisjon.no\/content\/uploads\/sites\/19\/2018\/06\/36239584_10155335412135997_6701804403889799168_n-300x169.jpg 300w, https:\/\/www.normisjon.no\/content\/uploads\/sites\/19\/2018\/06\/36239584_10155335412135997_6701804403889799168_n-768x432.jpg 768w, https:\/\/www.normisjon.no\/content\/uploads\/sites\/19\/2018\/06\/36239584_10155335412135997_6701804403889799168_n-1024x576.jpg 1024w, https:\/\/www.normisjon.no\/content\/uploads\/sites\/19\/2018\/06\/36239584_10155335412135997_6701804403889799168_n-1360x765.jpg 1360w, https:\/\/www.normisjon.no\/content\/uploads\/sites\/19\/2018\/06\/36239584_10155335412135997_6701804403889799168_n-960x540.jpg 960w\" sizes=\"auto, (max-width: 1920px) 100vw, 1920px\" \/><\/a><\/figure>\n\n\n\n<figure class=\"wp-block-audio\"><audio controls src=\"https:\/\/www.normisjon.no\/content\/uploads\/sites\/19\/2018\/06\/Kvardagstru-EvangelietogAvgudane.mp3\"><\/audio><figcaption>Tale av Vegard Tenneb\u00f8<\/figcaption><\/figure>\n\n\n\n<hr class=\"wp-block-separator\" \/>\n\n\n\n<p><strong>4: Evangeliet og Fellesskapet<\/strong><br \/>1. Petersbrev 2,3-10<\/p>\n\n\n\n<figure class=\"wp-block-image\"><a href=\"https:\/\/www.normisjon.no\/content\/uploads\/sites\/19\/2018\/06\/EvangelietogFellesskapet.jpeg\"><img loading=\"lazy\" decoding=\"async\" width=\"1024\" height=\"574\" src=\"https:\/\/www.normisjon.no\/content\/uploads\/sites\/19\/2018\/06\/EvangelietogFellesskapet.jpeg\" alt=\"\" class=\"wp-image-906\" srcset=\"https:\/\/www.normisjon.no\/content\/uploads\/sites\/19\/2018\/06\/EvangelietogFellesskapet.jpeg 1024w, https:\/\/www.normisjon.no\/content\/uploads\/sites\/19\/2018\/06\/EvangelietogFellesskapet-300x168.jpeg 300w, https:\/\/www.normisjon.no\/content\/uploads\/sites\/19\/2018\/06\/EvangelietogFellesskapet-768x431.jpeg 768w, https:\/\/www.normisjon.no\/content\/uploads\/sites\/19\/2018\/06\/EvangelietogFellesskapet-960x538.jpeg 960w\" sizes=\"auto, (max-width: 1024px) 100vw, 1024px\" \/><\/a><\/figure>\n\n\n\n<figure class=\"wp-block-audio\"><audio controls src=\"https:\/\/www.normisjon.no\/content\/uploads\/sites\/19\/2018\/06\/Kvardagstru-EvangelietogFellesskapet.mp3\"><\/audio><figcaption>Tale av Vegard Tenneb\u00f8<\/figcaption><\/figure>\n\n\n\n<hr class=\"wp-block-separator\" \/>\n\n\n\n<p><strong>5: Evangeliet og Arbeidet<\/strong><br \/>5. Mos 28,1-6<\/p>\n\n\n\n<figure class=\"wp-block-image\"><a href=\"https:\/\/www.normisjon.no\/content\/uploads\/sites\/19\/2018\/06\/36279753_10155335412115997_5934553967278161920_n.jpg\"><img loading=\"lazy\" decoding=\"async\" width=\"1920\" height=\"1080\" src=\"https:\/\/www.normisjon.no\/content\/uploads\/sites\/19\/2018\/06\/36279753_10155335412115997_5934553967278161920_n.jpg\" alt=\"\" class=\"wp-image-930\" srcset=\"https:\/\/www.normisjon.no\/content\/uploads\/sites\/19\/2018\/06\/36279753_10155335412115997_5934553967278161920_n.jpg 1920w, https:\/\/www.normisjon.no\/content\/uploads\/sites\/19\/2018\/06\/36279753_10155335412115997_5934553967278161920_n-300x169.jpg 300w, https:\/\/www.normisjon.no\/content\/uploads\/sites\/19\/2018\/06\/36279753_10155335412115997_5934553967278161920_n-768x432.jpg 768w, https:\/\/www.normisjon.no\/content\/uploads\/sites\/19\/2018\/06\/36279753_10155335412115997_5934553967278161920_n-1024x576.jpg 1024w, https:\/\/www.normisjon.no\/content\/uploads\/sites\/19\/2018\/06\/36279753_10155335412115997_5934553967278161920_n-1360x765.jpg 1360w, https:\/\/www.normisjon.no\/content\/uploads\/sites\/19\/2018\/06\/36279753_10155335412115997_5934553967278161920_n-960x540.jpg 960w\" sizes=\"auto, (max-width: 1920px) 100vw, 1920px\" \/><\/a><\/figure>\n\n\n\n<figure class=\"wp-block-audio\"><audio controls src=\"https:\/\/www.normisjon.no\/content\/uploads\/sites\/19\/2018\/06\/Kvardagstru-EvangelietogArbeidet.mp3\"><\/audio><figcaption>Tale av Vegard Tenneb\u00f8<\/figcaption><\/figure>\n\n\n\n<hr class=\"wp-block-separator\" \/>\n\n\n\n<p><strong>6: Evangeliet og Lidingane<\/strong><br \/>1. Pet. 1,3-12<\/p>\n\n\n\n<figure class=\"wp-block-image\"><a href=\"https:\/\/www.normisjon.no\/content\/uploads\/sites\/19\/2018\/06\/36339979_10155335412145997_3775655859573489664_n.jpg\"><img loading=\"lazy\" decoding=\"async\" width=\"1920\" height=\"1080\" src=\"https:\/\/www.normisjon.no\/content\/uploads\/sites\/19\/2018\/06\/36339979_10155335412145997_3775655859573489664_n.jpg\" alt=\"\" class=\"wp-image-932\" srcset=\"https:\/\/www.normisjon.no\/content\/uploads\/sites\/19\/2018\/06\/36339979_10155335412145997_3775655859573489664_n.jpg 1920w, https:\/\/www.normisjon.no\/content\/uploads\/sites\/19\/2018\/06\/36339979_10155335412145997_3775655859573489664_n-300x169.jpg 300w, https:\/\/www.normisjon.no\/content\/uploads\/sites\/19\/2018\/06\/36339979_10155335412145997_3775655859573489664_n-768x432.jpg 768w, https:\/\/www.normisjon.no\/content\/uploads\/sites\/19\/2018\/06\/36339979_10155335412145997_3775655859573489664_n-1024x576.jpg 1024w, https:\/\/www.normisjon.no\/content\/uploads\/sites\/19\/2018\/06\/36339979_10155335412145997_3775655859573489664_n-1360x765.jpg 1360w, https:\/\/www.normisjon.no\/content\/uploads\/sites\/19\/2018\/06\/36339979_10155335412145997_3775655859573489664_n-960x540.jpg 960w\" sizes=\"auto, (max-width: 1920px) 100vw, 1920px\" \/><\/a><\/figure>\n\n\n\n<figure class=\"wp-block-audio\"><audio controls src=\"https:\/\/www.normisjon.no\/content\/uploads\/sites\/19\/2018\/06\/Kvardagstru-EvangelietogLidingane.mp3\"><\/audio><figcaption>Tale av Vegard Tenneb\u00f8<\/figcaption><\/figure>\n\n\n\n<hr class=\"wp-block-separator\" \/>\n\n\n\n<p><strong>7: Evangeliet og Sosial Rettferd<\/strong><br \/>Lukas 10,25-36<\/p>\n\n\n\n<figure class=\"wp-block-image\"><a href=\"https:\/\/www.normisjon.no\/content\/uploads\/sites\/19\/2018\/06\/v02_C28117006D8C52A7F3A431D6F9FEDE59.jpg\"><img loading=\"lazy\" decoding=\"async\" width=\"1200\" height=\"675\" src=\"https:\/\/www.normisjon.no\/content\/uploads\/sites\/19\/2018\/06\/v02_C28117006D8C52A7F3A431D6F9FEDE59.jpg\" alt=\"\" class=\"wp-image-901\" srcset=\"https:\/\/www.normisjon.no\/content\/uploads\/sites\/19\/2018\/06\/v02_C28117006D8C52A7F3A431D6F9FEDE59.jpg 1200w, https:\/\/www.normisjon.no\/content\/uploads\/sites\/19\/2018\/06\/v02_C28117006D8C52A7F3A431D6F9FEDE59-300x169.jpg 300w, https:\/\/www.normisjon.no\/content\/uploads\/sites\/19\/2018\/06\/v02_C28117006D8C52A7F3A431D6F9FEDE59-768x432.jpg 768w, https:\/\/www.normisjon.no\/content\/uploads\/sites\/19\/2018\/06\/v02_C28117006D8C52A7F3A431D6F9FEDE59-1024x576.jpg 1024w, https:\/\/www.normisjon.no\/content\/uploads\/sites\/19\/2018\/06\/v02_C28117006D8C52A7F3A431D6F9FEDE59-960x540.jpg 960w\" sizes=\"auto, (max-width: 1200px) 100vw, 1200px\" \/><\/a><\/figure>\n\n\n\n<figure class=\"wp-block-audio\"><audio controls src=\"https:\/\/www.normisjon.no\/content\/uploads\/sites\/19\/2018\/06\/EvangelietogSosial-Rettferd.mp3\"><\/audio><figcaption>Tale av Vegard Tenneb\u00f8<\/figcaption><\/figure>\n\n\n\n<hr class=\"wp-block-separator\" \/>\n\n\n\n<p><strong>8: Evangeliet og Vitnetenesta<\/strong><br \/>Matteus 5, 13-16<\/p>\n\n\n\n<figure class=\"wp-block-image\"><a href=\"https:\/\/www.normisjon.no\/content\/uploads\/sites\/19\/2018\/06\/Evangelietog-Vitnetenesta.jpeg\"><img loading=\"lazy\" decoding=\"async\" width=\"1280\" height=\"720\" src=\"https:\/\/www.normisjon.no\/content\/uploads\/sites\/19\/2018\/06\/Evangelietog-Vitnetenesta.jpeg\" alt=\"\" class=\"wp-image-905\" srcset=\"https:\/\/www.normisjon.no\/content\/uploads\/sites\/19\/2018\/06\/Evangelietog-Vitnetenesta.jpeg 1280w, https:\/\/www.normisjon.no\/content\/uploads\/sites\/19\/2018\/06\/Evangelietog-Vitnetenesta-300x169.jpeg 300w, https:\/\/www.normisjon.no\/content\/uploads\/sites\/19\/2018\/06\/Evangelietog-Vitnetenesta-768x432.jpeg 768w, https:\/\/www.normisjon.no\/content\/uploads\/sites\/19\/2018\/06\/Evangelietog-Vitnetenesta-1024x576.jpeg 1024w, https:\/\/www.normisjon.no\/content\/uploads\/sites\/19\/2018\/06\/Evangelietog-Vitnetenesta-960x540.jpeg 960w\" sizes=\"auto, (max-width: 1280px) 100vw, 1280px\" \/><\/a><\/figure>\n<\/div>","protected":false},"excerpt":{"rendered":"<p>Det er kvardagar det er flest av. Difor er det ogs\u00e5 i kvardagen at truslivet levast. Evangeliet er kjerna i den kristne bodskapen, som handlar [&hellip;]<\/p>\n","protected":false},"author":44,"featured_media":904,"comment_status":"closed","ping_status":"closed","sticky":false,"template":"","format":"standard","meta":{"_acf_changed":false,"footnotes":""},"categories":[5,6],"tags":[],"class_list":["post-907","post","type-post","status-publish","format-standard","has-post-thumbnail","hentry","category-ressursar","category-smagruppeopplegg"],"acf":[],"yoast_head":"<!-- This site is optimized with the Yoast SEO plugin v25.9 - https:\/\/yoast.com\/wordpress\/plugins\/seo\/ -->\n<title>Kvardagstru - sm\u00e5gruppeopplegg - Region Sogn og Fjordane<\/title>\n<meta name=\"robots\" content=\"index, follow, max-snippet:-1, max-image-preview:large, max-video-preview:-1\" \/>\n<link rel=\"canonical\" href=\"https:\/\/www.normisjon.no\/sof\/2015\/02\/01\/kvardagstru-smagruppeopplegg\/\" \/>\n<meta property=\"og:locale\" content=\"nb_NO\" \/>\n<meta property=\"og:type\" content=\"article\" \/>\n<meta property=\"og:title\" content=\"Kvardagstru - sm\u00e5gruppeopplegg - Region Sogn og Fjordane\" \/>\n<meta property=\"og:description\" content=\"Det er kvardagar det er flest av. Difor er det ogs\u00e5 i kvardagen at truslivet levast. Evangeliet er kjerna i den kristne bodskapen, som handlar [&hellip;]\" \/>\n<meta property=\"og:url\" content=\"https:\/\/www.normisjon.no\/sof\/2015\/02\/01\/kvardagstru-smagruppeopplegg\/\" \/>\n<meta property=\"og:site_name\" content=\"Region Sogn og Fjordane\" \/>\n<meta property=\"article:published_time\" content=\"2015-02-01T15:06:24+00:00\" \/>\n<meta property=\"article:modified_time\" content=\"2018-09-03T12:26:38+00:00\" \/>\n<meta property=\"og:image\" content=\"https:\/\/www.normisjon.no\/content\/uploads\/sites\/19\/2018\/06\/v02_176C0399431B4A02970CCC4B007F3408_c22X0X618X360.png\" \/>\n\t<meta property=\"og:image:width\" content=\"618\" \/>\n\t<meta property=\"og:image:height\" content=\"360\" \/>\n\t<meta property=\"og:image:type\" content=\"image\/png\" \/>\n<meta name=\"author\" content=\"andreast\" \/>\n<meta name=\"twitter:card\" content=\"summary_large_image\" \/>\n<meta name=\"twitter:label1\" content=\"Skrevet av\" \/>\n\t<meta name=\"twitter:data1\" content=\"andreast\" \/>\n\t<meta name=\"twitter:label2\" content=\"Ansl. lesetid\" \/>\n\t<meta name=\"twitter:data2\" content=\"1 minutt\" \/>\n<script type=\"application\/ld+json\" class=\"yoast-schema-graph\">{\"@context\":\"https:\/\/schema.org\",\"@graph\":[{\"@type\":\"WebPage\",\"@id\":\"https:\/\/www.normisjon.no\/sof\/2015\/02\/01\/kvardagstru-smagruppeopplegg\/\",\"url\":\"https:\/\/www.normisjon.no\/sof\/2015\/02\/01\/kvardagstru-smagruppeopplegg\/\",\"name\":\"Kvardagstru - sm\u00e5gruppeopplegg - Region Sogn og Fjordane\",\"isPartOf\":{\"@id\":\"https:\/\/www.normisjon.no\/sof\/#website\"},\"primaryImageOfPage\":{\"@id\":\"https:\/\/www.normisjon.no\/sof\/2015\/02\/01\/kvardagstru-smagruppeopplegg\/#primaryimage\"},\"image\":{\"@id\":\"https:\/\/www.normisjon.no\/sof\/2015\/02\/01\/kvardagstru-smagruppeopplegg\/#primaryimage\"},\"thumbnailUrl\":\"https:\/\/www.normisjon.no\/content\/uploads\/sites\/19\/2018\/06\/v02_176C0399431B4A02970CCC4B007F3408_c22X0X618X360.png\",\"datePublished\":\"2015-02-01T15:06:24+00:00\",\"dateModified\":\"2018-09-03T12:26:38+00:00\",\"author\":{\"@id\":\"https:\/\/www.normisjon.no\/sof\/#\/schema\/person\/014031d17806bdb783d29d828d49a7df\"},\"breadcrumb\":{\"@id\":\"https:\/\/www.normisjon.no\/sof\/2015\/02\/01\/kvardagstru-smagruppeopplegg\/#breadcrumb\"},\"inLanguage\":\"nb-NO\",\"potentialAction\":[{\"@type\":\"ReadAction\",\"target\":[\"https:\/\/www.normisjon.no\/sof\/2015\/02\/01\/kvardagstru-smagruppeopplegg\/\"]}]},{\"@type\":\"ImageObject\",\"inLanguage\":\"nb-NO\",\"@id\":\"https:\/\/www.normisjon.no\/sof\/2015\/02\/01\/kvardagstru-smagruppeopplegg\/#primaryimage\",\"url\":\"https:\/\/www.normisjon.no\/content\/uploads\/sites\/19\/2018\/06\/v02_176C0399431B4A02970CCC4B007F3408_c22X0X618X360.png\",\"contentUrl\":\"https:\/\/www.normisjon.no\/content\/uploads\/sites\/19\/2018\/06\/v02_176C0399431B4A02970CCC4B007F3408_c22X0X618X360.png\",\"width\":618,\"height\":360},{\"@type\":\"BreadcrumbList\",\"@id\":\"https:\/\/www.normisjon.no\/sof\/2015\/02\/01\/kvardagstru-smagruppeopplegg\/#breadcrumb\",\"itemListElement\":[{\"@type\":\"ListItem\",\"position\":1,\"name\":\"Home\",\"item\":\"https:\/\/www.normisjon.no\/sof\/\"},{\"@type\":\"ListItem\",\"position\":2,\"name\":\"Kvardagstru &#8211; sm\u00e5gruppeopplegg\"}]},{\"@type\":\"WebSite\",\"@id\":\"https:\/\/www.normisjon.no\/sof\/#website\",\"url\":\"https:\/\/www.normisjon.no\/sof\/\",\"name\":\"Region Sogn og Fjordane\",\"description\":\"\",\"potentialAction\":[{\"@type\":\"SearchAction\",\"target\":{\"@type\":\"EntryPoint\",\"urlTemplate\":\"https:\/\/www.normisjon.no\/sof\/?s={search_term_string}\"},\"query-input\":{\"@type\":\"PropertyValueSpecification\",\"valueRequired\":true,\"valueName\":\"search_term_string\"}}],\"inLanguage\":\"nb-NO\"},{\"@type\":\"Person\",\"@id\":\"https:\/\/www.normisjon.no\/sof\/#\/schema\/person\/014031d17806bdb783d29d828d49a7df\",\"name\":\"andreast\",\"image\":{\"@type\":\"ImageObject\",\"inLanguage\":\"nb-NO\",\"@id\":\"https:\/\/www.normisjon.no\/sof\/#\/schema\/person\/image\/\",\"url\":\"https:\/\/secure.gravatar.com\/avatar\/4c381762876447d5b3ee7d4130f1cfa2ff431c7bd12c97eb32633663b4894d3f?s=96&d=mm&r=g\",\"contentUrl\":\"https:\/\/secure.gravatar.com\/avatar\/4c381762876447d5b3ee7d4130f1cfa2ff431c7bd12c97eb32633663b4894d3f?s=96&d=mm&r=g\",\"caption\":\"andreast\"},\"url\":\"https:\/\/www.normisjon.no\/sof\/author\/andreast\/\"}]}<\/script>\n<!-- \/ Yoast SEO plugin. -->","yoast_head_json":{"title":"Kvardagstru - sm\u00e5gruppeopplegg - Region Sogn og Fjordane","robots":{"index":"index","follow":"follow","max-snippet":"max-snippet:-1","max-image-preview":"max-image-preview:large","max-video-preview":"max-video-preview:-1"},"canonical":"https:\/\/www.normisjon.no\/sof\/2015\/02\/01\/kvardagstru-smagruppeopplegg\/","og_locale":"nb_NO","og_type":"article","og_title":"Kvardagstru - sm\u00e5gruppeopplegg - Region Sogn og Fjordane","og_description":"Det er kvardagar det er flest av. Difor er det ogs\u00e5 i kvardagen at truslivet levast. Evangeliet er kjerna i den kristne bodskapen, som handlar [&hellip;]","og_url":"https:\/\/www.normisjon.no\/sof\/2015\/02\/01\/kvardagstru-smagruppeopplegg\/","og_site_name":"Region Sogn og Fjordane","article_published_time":"2015-02-01T15:06:24+00:00","article_modified_time":"2018-09-03T12:26:38+00:00","og_image":[{"width":618,"height":360,"url":"https:\/\/www.normisjon.no\/content\/uploads\/sites\/19\/2018\/06\/v02_176C0399431B4A02970CCC4B007F3408_c22X0X618X360.png","type":"image\/png"}],"author":"andreast","twitter_card":"summary_large_image","twitter_misc":{"Skrevet av":"andreast","Ansl. lesetid":"1 minutt"},"schema":{"@context":"https:\/\/schema.org","@graph":[{"@type":"WebPage","@id":"https:\/\/www.normisjon.no\/sof\/2015\/02\/01\/kvardagstru-smagruppeopplegg\/","url":"https:\/\/www.normisjon.no\/sof\/2015\/02\/01\/kvardagstru-smagruppeopplegg\/","name":"Kvardagstru - sm\u00e5gruppeopplegg - Region Sogn og Fjordane","isPartOf":{"@id":"https:\/\/www.normisjon.no\/sof\/#website"},"primaryImageOfPage":{"@id":"https:\/\/www.normisjon.no\/sof\/2015\/02\/01\/kvardagstru-smagruppeopplegg\/#primaryimage"},"image":{"@id":"https:\/\/www.normisjon.no\/sof\/2015\/02\/01\/kvardagstru-smagruppeopplegg\/#primaryimage"},"thumbnailUrl":"https:\/\/www.normisjon.no\/content\/uploads\/sites\/19\/2018\/06\/v02_176C0399431B4A02970CCC4B007F3408_c22X0X618X360.png","datePublished":"2015-02-01T15:06:24+00:00","dateModified":"2018-09-03T12:26:38+00:00","author":{"@id":"https:\/\/www.normisjon.no\/sof\/#\/schema\/person\/014031d17806bdb783d29d828d49a7df"},"breadcrumb":{"@id":"https:\/\/www.normisjon.no\/sof\/2015\/02\/01\/kvardagstru-smagruppeopplegg\/#breadcrumb"},"inLanguage":"nb-NO","potentialAction":[{"@type":"ReadAction","target":["https:\/\/www.normisjon.no\/sof\/2015\/02\/01\/kvardagstru-smagruppeopplegg\/"]}]},{"@type":"ImageObject","inLanguage":"nb-NO","@id":"https:\/\/www.normisjon.no\/sof\/2015\/02\/01\/kvardagstru-smagruppeopplegg\/#primaryimage","url":"https:\/\/www.normisjon.no\/content\/uploads\/sites\/19\/2018\/06\/v02_176C0399431B4A02970CCC4B007F3408_c22X0X618X360.png","contentUrl":"https:\/\/www.normisjon.no\/content\/uploads\/sites\/19\/2018\/06\/v02_176C0399431B4A02970CCC4B007F3408_c22X0X618X360.png","width":618,"height":360},{"@type":"BreadcrumbList","@id":"https:\/\/www.normisjon.no\/sof\/2015\/02\/01\/kvardagstru-smagruppeopplegg\/#breadcrumb","itemListElement":[{"@type":"ListItem","position":1,"name":"Home","item":"https:\/\/www.normisjon.no\/sof\/"},{"@type":"ListItem","position":2,"name":"Kvardagstru &#8211; sm\u00e5gruppeopplegg"}]},{"@type":"WebSite","@id":"https:\/\/www.normisjon.no\/sof\/#website","url":"https:\/\/www.normisjon.no\/sof\/","name":"Region Sogn og Fjordane","description":"","potentialAction":[{"@type":"SearchAction","target":{"@type":"EntryPoint","urlTemplate":"https:\/\/www.normisjon.no\/sof\/?s={search_term_string}"},"query-input":{"@type":"PropertyValueSpecification","valueRequired":true,"valueName":"search_term_string"}}],"inLanguage":"nb-NO"},{"@type":"Person","@id":"https:\/\/www.normisjon.no\/sof\/#\/schema\/person\/014031d17806bdb783d29d828d49a7df","name":"andreast","image":{"@type":"ImageObject","inLanguage":"nb-NO","@id":"https:\/\/www.normisjon.no\/sof\/#\/schema\/person\/image\/","url":"https:\/\/secure.gravatar.com\/avatar\/4c381762876447d5b3ee7d4130f1cfa2ff431c7bd12c97eb32633663b4894d3f?s=96&d=mm&r=g","contentUrl":"https:\/\/secure.gravatar.com\/avatar\/4c381762876447d5b3ee7d4130f1cfa2ff431c7bd12c97eb32633663b4894d3f?s=96&d=mm&r=g","caption":"andreast"},"url":"https:\/\/www.normisjon.no\/sof\/author\/andreast\/"}]}},"_links":{"self":[{"href":"https:\/\/www.normisjon.no\/sof\/wp-json\/wp\/v2\/posts\/907","targetHints":{"allow":["GET"]}}],"collection":[{"href":"https:\/\/www.normisjon.no\/sof\/wp-json\/wp\/v2\/posts"}],"about":[{"href":"https:\/\/www.normisjon.no\/sof\/wp-json\/wp\/v2\/types\/post"}],"author":[{"embeddable":true,"href":"https:\/\/www.normisjon.no\/sof\/wp-json\/wp\/v2\/users\/44"}],"replies":[{"embeddable":true,"href":"https:\/\/www.normisjon.no\/sof\/wp-json\/wp\/v2\/comments?post=907"}],"version-history":[{"count":3,"href":"https:\/\/www.normisjon.no\/sof\/wp-json\/wp\/v2\/posts\/907\/revisions"}],"predecessor-version":[{"id":1364,"href":"https:\/\/www.normisjon.no\/sof\/wp-json\/wp\/v2\/posts\/907\/revisions\/1364"}],"wp:featuredmedia":[{"embeddable":true,"href":"https:\/\/www.normisjon.no\/sof\/wp-json\/wp\/v2\/media\/904"}],"wp:attachment":[{"href":"https:\/\/www.normisjon.no\/sof\/wp-json\/wp\/v2\/media?parent=907"}],"wp:term":[{"taxonomy":"category","embeddable":true,"href":"https:\/\/www.normisjon.no\/sof\/wp-json\/wp\/v2\/categories?post=907"},{"taxonomy":"post_tag","embeddable":true,"href":"https:\/\/www.normisjon.no\/sof\/wp-json\/wp\/v2\/tags?post=907"}],"curies":[{"name":"wp","href":"https:\/\/api.w.org\/{rel}","templated":true}]}}