{"id":274,"date":"2018-08-27T12:24:13","date_gmt":"2018-08-27T10:24:13","guid":{"rendered":"https:\/\/www.normisjon.no\/oppland\/?p=274"},"modified":"2018-08-27T12:25:57","modified_gmt":"2018-08-27T10:25:57","slug":"8-12-adventsamling","status":"publish","type":"post","link":"https:\/\/www.normisjon.no\/strategi\/2018\/08\/27\/8-12-adventsamling\/","title":{"rendered":"8\/12: Adventsamling"},"content":{"rendered":"<div class=\"entry-content alignfull wp-block-post-content has-global-padding is-layout-constrained wp-block-post-content-is-layout-constrained\">\n<p>L\u00f8rdag 8. desember kl 14:00 er det Adventsamling p\u00e5 Kirketeigen.<\/p>\n\n\n\n<p>Husk <a href=\"https:\/\/www.normisjon.no\/oppland\/om-oss\/\">p\u00e5melding til kontoret<\/a><\/p>\n<\/div>","protected":false},"excerpt":{"rendered":"<p>L\u00f8rdag 8. desember kl 14:00 er det Adventsamling p\u00e5 Kirketeigen. Husk p\u00e5melding til kontoret<\/p>\n","protected":false},"author":19,"featured_media":0,"comment_status":"closed","ping_status":"closed","sticky":false,"template":"","format":"standard","meta":{"_acf_changed":false,"footnotes":""},"categories":[5],"tags":[],"class_list":["post-274","post","type-post","status-publish","format-standard","hentry","category-arrangement"],"acf":[],"yoast_head":"<!-- This site is optimized with the Yoast SEO plugin v25.9 - https:\/\/yoast.com\/wordpress\/plugins\/seo\/ -->\n<title>8\/12: Adventsamling - Normisjon strategi<\/title>\n<meta name=\"robots\" content=\"index, follow, max-snippet:-1, max-image-preview:large, max-video-preview:-1\" \/>\n<link rel=\"canonical\" href=\"https:\/\/www.normisjon.no\/strategi\/2018\/08\/27\/8-12-adventsamling\/\" \/>\n<meta property=\"og:locale\" content=\"nb_NO\" \/>\n<meta property=\"og:type\" content=\"article\" \/>\n<meta property=\"og:title\" content=\"8\/12: Adventsamling - Normisjon strategi\" \/>\n<meta property=\"og:description\" content=\"L\u00f8rdag 8. desember kl 14:00 er det Adventsamling p\u00e5 Kirketeigen. Husk p\u00e5melding til kontoret\" \/>\n<meta property=\"og:url\" content=\"https:\/\/www.normisjon.no\/strategi\/2018\/08\/27\/8-12-adventsamling\/\" \/>\n<meta property=\"og:site_name\" content=\"Normisjon strategi\" \/>\n<meta property=\"article:published_time\" content=\"2018-08-27T10:24:13+00:00\" \/>\n<meta property=\"article:modified_time\" content=\"2018-08-27T10:25:57+00:00\" \/>\n<meta name=\"author\" content=\"bjornar\" \/>\n<meta name=\"twitter:card\" content=\"summary_large_image\" \/>\n<meta name=\"twitter:label1\" content=\"Skrevet av\" \/>\n\t<meta name=\"twitter:data1\" content=\"bjornar\" \/>\n<script type=\"application\/ld+json\" class=\"yoast-schema-graph\">{\"@context\":\"https:\/\/schema.org\",\"@graph\":[{\"@type\":\"WebPage\",\"@id\":\"https:\/\/www.normisjon.no\/strategi\/2018\/08\/27\/8-12-adventsamling\/\",\"url\":\"https:\/\/www.normisjon.no\/strategi\/2018\/08\/27\/8-12-adventsamling\/\",\"name\":\"8\/12: Adventsamling - Normisjon strategi\",\"isPartOf\":{\"@id\":\"https:\/\/www.normisjon.no\/strategi\/#website\"},\"datePublished\":\"2018-08-27T10:24:13+00:00\",\"dateModified\":\"2018-08-27T10:25:57+00:00\",\"author\":{\"@id\":\"https:\/\/www.normisjon.no\/strategi\/#\/schema\/person\/fe7fa577baef14309c5361109c32bc5a\"},\"breadcrumb\":{\"@id\":\"https:\/\/www.normisjon.no\/strategi\/2018\/08\/27\/8-12-adventsamling\/#breadcrumb\"},\"inLanguage\":\"nb-NO\",\"potentialAction\":[{\"@type\":\"ReadAction\",\"target\":[\"https:\/\/www.normisjon.no\/strategi\/2018\/08\/27\/8-12-adventsamling\/\"]}]},{\"@type\":\"BreadcrumbList\",\"@id\":\"https:\/\/www.normisjon.no\/strategi\/2018\/08\/27\/8-12-adventsamling\/#breadcrumb\",\"itemListElement\":[{\"@type\":\"ListItem\",\"position\":1,\"name\":\"Home\",\"item\":\"https:\/\/www.normisjon.no\/strategi\/\"},{\"@type\":\"ListItem\",\"position\":2,\"name\":\"8\/12: Adventsamling\"}]},{\"@type\":\"WebSite\",\"@id\":\"https:\/\/www.normisjon.no\/strategi\/#website\",\"url\":\"https:\/\/www.normisjon.no\/strategi\/\",\"name\":\"Normisjon strategi\",\"description\":\"\",\"potentialAction\":[{\"@type\":\"SearchAction\",\"target\":{\"@type\":\"EntryPoint\",\"urlTemplate\":\"https:\/\/www.normisjon.no\/strategi\/?s={search_term_string}\"},\"query-input\":{\"@type\":\"PropertyValueSpecification\",\"valueRequired\":true,\"valueName\":\"search_term_string\"}}],\"inLanguage\":\"nb-NO\"},{\"@type\":\"Person\",\"@id\":\"https:\/\/www.normisjon.no\/strategi\/#\/schema\/person\/fe7fa577baef14309c5361109c32bc5a\",\"name\":\"bjornar\",\"image\":{\"@type\":\"ImageObject\",\"inLanguage\":\"nb-NO\",\"@id\":\"https:\/\/www.normisjon.no\/strategi\/#\/schema\/person\/image\/\",\"url\":\"https:\/\/secure.gravatar.com\/avatar\/6d328a23237f9b8dbbe5e16bc8bb31531a38df4c8eb6f2ebcc96845988ba19a1?s=96&d=mm&r=g\",\"contentUrl\":\"https:\/\/secure.gravatar.com\/avatar\/6d328a23237f9b8dbbe5e16bc8bb31531a38df4c8eb6f2ebcc96845988ba19a1?s=96&d=mm&r=g\",\"caption\":\"bjornar\"},\"url\":\"https:\/\/www.normisjon.no\/strategi\/author\/bjornar\/\"}]}<\/script>\n<!-- \/ Yoast SEO plugin. -->","yoast_head_json":{"title":"8\/12: Adventsamling - Normisjon strategi","robots":{"index":"index","follow":"follow","max-snippet":"max-snippet:-1","max-image-preview":"max-image-preview:large","max-video-preview":"max-video-preview:-1"},"canonical":"https:\/\/www.normisjon.no\/strategi\/2018\/08\/27\/8-12-adventsamling\/","og_locale":"nb_NO","og_type":"article","og_title":"8\/12: Adventsamling - Normisjon strategi","og_description":"L\u00f8rdag 8. desember kl 14:00 er det Adventsamling p\u00e5 Kirketeigen. Husk p\u00e5melding til kontoret","og_url":"https:\/\/www.normisjon.no\/strategi\/2018\/08\/27\/8-12-adventsamling\/","og_site_name":"Normisjon strategi","article_published_time":"2018-08-27T10:24:13+00:00","article_modified_time":"2018-08-27T10:25:57+00:00","author":"bjornar","twitter_card":"summary_large_image","twitter_misc":{"Skrevet av":"bjornar"},"schema":{"@context":"https:\/\/schema.org","@graph":[{"@type":"WebPage","@id":"https:\/\/www.normisjon.no\/strategi\/2018\/08\/27\/8-12-adventsamling\/","url":"https:\/\/www.normisjon.no\/strategi\/2018\/08\/27\/8-12-adventsamling\/","name":"8\/12: Adventsamling - Normisjon strategi","isPartOf":{"@id":"https:\/\/www.normisjon.no\/strategi\/#website"},"datePublished":"2018-08-27T10:24:13+00:00","dateModified":"2018-08-27T10:25:57+00:00","author":{"@id":"https:\/\/www.normisjon.no\/strategi\/#\/schema\/person\/fe7fa577baef14309c5361109c32bc5a"},"breadcrumb":{"@id":"https:\/\/www.normisjon.no\/strategi\/2018\/08\/27\/8-12-adventsamling\/#breadcrumb"},"inLanguage":"nb-NO","potentialAction":[{"@type":"ReadAction","target":["https:\/\/www.normisjon.no\/strategi\/2018\/08\/27\/8-12-adventsamling\/"]}]},{"@type":"BreadcrumbList","@id":"https:\/\/www.normisjon.no\/strategi\/2018\/08\/27\/8-12-adventsamling\/#breadcrumb","itemListElement":[{"@type":"ListItem","position":1,"name":"Home","item":"https:\/\/www.normisjon.no\/strategi\/"},{"@type":"ListItem","position":2,"name":"8\/12: Adventsamling"}]},{"@type":"WebSite","@id":"https:\/\/www.normisjon.no\/strategi\/#website","url":"https:\/\/www.normisjon.no\/strategi\/","name":"Normisjon strategi","description":"","potentialAction":[{"@type":"SearchAction","target":{"@type":"EntryPoint","urlTemplate":"https:\/\/www.normisjon.no\/strategi\/?s={search_term_string}"},"query-input":{"@type":"PropertyValueSpecification","valueRequired":true,"valueName":"search_term_string"}}],"inLanguage":"nb-NO"},{"@type":"Person","@id":"https:\/\/www.normisjon.no\/strategi\/#\/schema\/person\/fe7fa577baef14309c5361109c32bc5a","name":"bjornar","image":{"@type":"ImageObject","inLanguage":"nb-NO","@id":"https:\/\/www.normisjon.no\/strategi\/#\/schema\/person\/image\/","url":"https:\/\/secure.gravatar.com\/avatar\/6d328a23237f9b8dbbe5e16bc8bb31531a38df4c8eb6f2ebcc96845988ba19a1?s=96&d=mm&r=g","contentUrl":"https:\/\/secure.gravatar.com\/avatar\/6d328a23237f9b8dbbe5e16bc8bb31531a38df4c8eb6f2ebcc96845988ba19a1?s=96&d=mm&r=g","caption":"bjornar"},"url":"https:\/\/www.normisjon.no\/strategi\/author\/bjornar\/"}]}},"_links":{"self":[{"href":"https:\/\/www.normisjon.no\/strategi\/wp-json\/wp\/v2\/posts\/274","targetHints":{"allow":["GET"]}}],"collection":[{"href":"https:\/\/www.normisjon.no\/strategi\/wp-json\/wp\/v2\/posts"}],"about":[{"href":"https:\/\/www.normisjon.no\/strategi\/wp-json\/wp\/v2\/types\/post"}],"author":[{"embeddable":true,"href":"https:\/\/www.normisjon.no\/strategi\/wp-json\/wp\/v2\/users\/19"}],"replies":[{"embeddable":true,"href":"https:\/\/www.normisjon.no\/strategi\/wp-json\/wp\/v2\/comments?post=274"}],"version-history":[{"count":2,"href":"https:\/\/www.normisjon.no\/strategi\/wp-json\/wp\/v2\/posts\/274\/revisions"}],"predecessor-version":[{"id":278,"href":"https:\/\/www.normisjon.no\/strategi\/wp-json\/wp\/v2\/posts\/274\/revisions\/278"}],"wp:attachment":[{"href":"https:\/\/www.normisjon.no\/strategi\/wp-json\/wp\/v2\/media?parent=274"}],"wp:term":[{"taxonomy":"category","embeddable":true,"href":"https:\/\/www.normisjon.no\/strategi\/wp-json\/wp\/v2\/categories?post=274"},{"taxonomy":"post_tag","embeddable":true,"href":"https:\/\/www.normisjon.no\/strategi\/wp-json\/wp\/v2\/tags?post=274"}],"curies":[{"name":"wp","href":"https:\/\/api.w.org\/{rel}","templated":true}]}}