{"id":1108,"date":"2019-12-12T14:07:24","date_gmt":"2019-12-12T13:07:24","guid":{"rendered":"https:\/\/www.normisjon.no\/telemark\/?p=1108"},"modified":"2020-03-12T17:52:54","modified_gmt":"2020-03-12T16:52:54","slug":"leiroversikt-2020","status":"publish","type":"post","link":"https:\/\/www.normisjon.no\/telemark\/2019\/12\/12\/leiroversikt-2020\/","title":{"rendered":"Leiroversikt 2020"},"content":{"rendered":"<div class=\"entry-content alignfull wp-block-post-content has-global-padding is-layout-constrained wp-block-post-content-is-layout-constrained\">\n<p>2019 g\u00e5r mot en avslutning og planene for leirer det kommende \u00e5ret er i stor grad i gang. Her f\u00f8lger en oversikt over leirene vi har bestemt. Sett av datoen allerede n\u00e5. <\/p>\n\n\n\n<p>P\u00e5 grunn av den p\u00e5g\u00e5ende COVID-19-pandemien vil p\u00e5melding til sommersesongen starte tirsdag 21. april kl. 12.<br>Dette kan endres, s\u00e5 vi vil komme med ny informasjon 20. april.<\/p>\n\n\n\n<figure class=\"wp-block-image\"><img loading=\"lazy\" decoding=\"async\" width=\"1024\" height=\"536\" src=\"https:\/\/www.normisjon.no\/content\/uploads\/sites\/20\/2019\/12\/leirkollage-1024x536.jpg\" alt=\"\" class=\"wp-image-1109\" srcset=\"https:\/\/www.normisjon.no\/content\/uploads\/sites\/20\/2019\/12\/leirkollage-1024x536.jpg 1024w, https:\/\/www.normisjon.no\/content\/uploads\/sites\/20\/2019\/12\/leirkollage-300x157.jpg 300w, https:\/\/www.normisjon.no\/content\/uploads\/sites\/20\/2019\/12\/leirkollage-768x402.jpg 768w, https:\/\/www.normisjon.no\/content\/uploads\/sites\/20\/2019\/12\/leirkollage-1920x1005.jpg 1920w, https:\/\/www.normisjon.no\/content\/uploads\/sites\/20\/2019\/12\/leirkollage-1360x712.jpg 1360w, https:\/\/www.normisjon.no\/content\/uploads\/sites\/20\/2019\/12\/leirkollage-960x502.jpg 960w\" sizes=\"auto, (max-width: 1024px) 100vw, 1024px\" \/><\/figure>\n\n\n\n<table class=\"wp-block-table\"><tbody><tr><td>Leir<\/td><td>Alder<\/td><td>Dato<\/td><td>Sted<\/td><\/tr><tr><td>VinterAction<\/td><td>4.-7. klasse<\/td><td>14.-17. februar<\/td><td>Trovassli<\/td><\/tr><tr><td>Lederleir <\/td><td>fra 7. klasse<\/td><td>6.-8. mars<\/td><td>Grimstad<\/td><\/tr><tr><td>P\u00e5skeleir<\/td><td>fra 8. klasse<\/td><td>9.-12. april<\/td><td>Trovassli  <\/td><\/tr><tr><td>Alf-leir<\/td><td>fra 15 \u00e5r<\/td><td>5.-7. juni<\/td><td>Oks\u00f8ya<\/td><\/tr><tr><td>Tilbake til Oks\u00f8ya*<\/td><td>fra ca 35 \u00e5r<\/td><td>12.-14. juni<\/td><td>Oks\u00f8ya <\/td><\/tr><tr><td>B&amp;B-leir **<\/td><td>barn f. 2008-2019<\/td><td>20.-23. juni<\/td><td>Oks\u00f8ya <\/td><\/tr><tr><td>Kids Camp<\/td><td>ferdig med 2.-4. kl<\/td><td>24.-26. juni<\/td><td>Oks\u00f8ya <\/td><\/tr><tr><td>SommerAction<\/td><td>ferdig med 4.-7. kl<\/td><td>27.-31. juli<\/td><td>Oks\u00f8ya <\/td><\/tr><tr><td>Summer Camp<\/td><td>ferdig med 7.-10. kl<\/td><td>3.-7. august<\/td><td>Oks\u00f8ya <\/td><\/tr><tr><td>Pappaleir<\/td><td>pappaer m\/barn<\/td><td>18.-20. sept.<\/td><td>Oks\u00f8ya<\/td><\/tr><tr><td>24 Hours<\/td><td>4.-7. klasse<\/td><td>14.-15. nov.<\/td><td>Skien<\/td><\/tr><\/tbody><\/table>\n\n\n\n<p>* &laquo;Tilbake til Oks\u00f8ya&raquo; er et nytt tiltak der vi \u00f8nsker \u00e5 invitere alle som har hatt et forhold til Oks\u00f8ya til en helg med mimring, sang, sosiale kvelder og mye annet g\u00f8y. Fra ca 35 \u00e5r og oppover.<\/p>\n\n\n\n<p>** B&amp;B-leir er Besteforeldre- og barnebarnleir. For besteforeldre som har lyst \u00e5 ta med barnebarna sine p\u00e5 leir. Barnebarna kan v\u00e6re f\u00f8dt tidligst i 2008 p\u00e5 denne leiren.<\/p>\n\n\n\n<p>Det er ogs\u00e5 mulig det blir en ungdomsleir til p\u00e5 h\u00f8sten, det er ikke bestemt enda.<\/p>\n<\/div>","protected":false},"excerpt":{"rendered":"<p>2019 g\u00e5r mot en avslutning og planene for leirer det kommende \u00e5ret er i stor grad i gang. Her f\u00f8lger en oversikt over leirene vi [&hellip;]<\/p>\n","protected":false},"author":30,"featured_media":1109,"comment_status":"closed","ping_status":"closed","sticky":false,"template":"","format":"standard","meta":{"_acf_changed":false,"footnotes":""},"categories":[1],"tags":[],"class_list":["post-1108","post","type-post","status-publish","format-standard","has-post-thumbnail","hentry","category-leirsteder"],"acf":[],"yoast_head":"<!-- This site is optimized with the Yoast SEO plugin v25.9 - https:\/\/yoast.com\/wordpress\/plugins\/seo\/ -->\n<title>Leiroversikt 2020 - Region Telemark<\/title>\n<meta name=\"robots\" content=\"index, follow, max-snippet:-1, max-image-preview:large, max-video-preview:-1\" \/>\n<link rel=\"canonical\" href=\"https:\/\/www.normisjon.no\/telemark\/2019\/12\/12\/leiroversikt-2020\/\" \/>\n<meta property=\"og:locale\" content=\"nb_NO\" \/>\n<meta property=\"og:type\" content=\"article\" \/>\n<meta property=\"og:title\" content=\"Leiroversikt 2020 - Region Telemark\" \/>\n<meta property=\"og:description\" content=\"2019 g\u00e5r mot en avslutning og planene for leirer det kommende \u00e5ret er i stor grad i gang. Her f\u00f8lger en oversikt over leirene vi [&hellip;]\" \/>\n<meta property=\"og:url\" content=\"https:\/\/www.normisjon.no\/telemark\/2019\/12\/12\/leiroversikt-2020\/\" \/>\n<meta property=\"og:site_name\" content=\"Region Telemark\" \/>\n<meta property=\"article:published_time\" content=\"2019-12-12T13:07:24+00:00\" \/>\n<meta property=\"article:modified_time\" content=\"2020-03-12T16:52:54+00:00\" \/>\n<meta property=\"og:image\" content=\"https:\/\/www.normisjon.no\/content\/uploads\/sites\/20\/2019\/12\/leirkollage-1024x536.jpg\" \/>\n\t<meta property=\"og:image:width\" content=\"1024\" \/>\n\t<meta property=\"og:image:height\" content=\"536\" \/>\n\t<meta property=\"og:image:type\" content=\"image\/jpeg\" \/>\n<meta name=\"author\" content=\"eirik\" \/>\n<meta name=\"twitter:card\" content=\"summary_large_image\" \/>\n<meta name=\"twitter:label1\" content=\"Skrevet av\" \/>\n\t<meta name=\"twitter:data1\" content=\"eirik\" \/>\n\t<meta name=\"twitter:label2\" content=\"Ansl. lesetid\" \/>\n\t<meta name=\"twitter:data2\" content=\"1 minutt\" \/>\n<script type=\"application\/ld+json\" class=\"yoast-schema-graph\">{\"@context\":\"https:\/\/schema.org\",\"@graph\":[{\"@type\":\"WebPage\",\"@id\":\"https:\/\/www.normisjon.no\/telemark\/2019\/12\/12\/leiroversikt-2020\/\",\"url\":\"https:\/\/www.normisjon.no\/telemark\/2019\/12\/12\/leiroversikt-2020\/\",\"name\":\"Leiroversikt 2020 - Region Telemark\",\"isPartOf\":{\"@id\":\"https:\/\/www.normisjon.no\/telemark\/#website\"},\"primaryImageOfPage\":{\"@id\":\"https:\/\/www.normisjon.no\/telemark\/2019\/12\/12\/leiroversikt-2020\/#primaryimage\"},\"image\":{\"@id\":\"https:\/\/www.normisjon.no\/telemark\/2019\/12\/12\/leiroversikt-2020\/#primaryimage\"},\"thumbnailUrl\":\"https:\/\/www.normisjon.no\/content\/uploads\/sites\/20\/2019\/12\/leirkollage.jpg\",\"datePublished\":\"2019-12-12T13:07:24+00:00\",\"dateModified\":\"2020-03-12T16:52:54+00:00\",\"author\":{\"@id\":\"https:\/\/www.normisjon.no\/telemark\/#\/schema\/person\/95a4dd6194d4f053752d9b840bc536aa\"},\"breadcrumb\":{\"@id\":\"https:\/\/www.normisjon.no\/telemark\/2019\/12\/12\/leiroversikt-2020\/#breadcrumb\"},\"inLanguage\":\"nb-NO\",\"potentialAction\":[{\"@type\":\"ReadAction\",\"target\":[\"https:\/\/www.normisjon.no\/telemark\/2019\/12\/12\/leiroversikt-2020\/\"]}]},{\"@type\":\"ImageObject\",\"inLanguage\":\"nb-NO\",\"@id\":\"https:\/\/www.normisjon.no\/telemark\/2019\/12\/12\/leiroversikt-2020\/#primaryimage\",\"url\":\"https:\/\/www.normisjon.no\/content\/uploads\/sites\/20\/2019\/12\/leirkollage.jpg\",\"contentUrl\":\"https:\/\/www.normisjon.no\/content\/uploads\/sites\/20\/2019\/12\/leirkollage.jpg\",\"width\":10000,\"height\":5233},{\"@type\":\"BreadcrumbList\",\"@id\":\"https:\/\/www.normisjon.no\/telemark\/2019\/12\/12\/leiroversikt-2020\/#breadcrumb\",\"itemListElement\":[{\"@type\":\"ListItem\",\"position\":1,\"name\":\"Home\",\"item\":\"https:\/\/www.normisjon.no\/telemark\/\"},{\"@type\":\"ListItem\",\"position\":2,\"name\":\"Leiroversikt 2020\"}]},{\"@type\":\"WebSite\",\"@id\":\"https:\/\/www.normisjon.no\/telemark\/#website\",\"url\":\"https:\/\/www.normisjon.no\/telemark\/\",\"name\":\"Region Telemark\",\"description\":\"Sammen er vi Normisjon\",\"potentialAction\":[{\"@type\":\"SearchAction\",\"target\":{\"@type\":\"EntryPoint\",\"urlTemplate\":\"https:\/\/www.normisjon.no\/telemark\/?s={search_term_string}\"},\"query-input\":{\"@type\":\"PropertyValueSpecification\",\"valueRequired\":true,\"valueName\":\"search_term_string\"}}],\"inLanguage\":\"nb-NO\"},{\"@type\":\"Person\",\"@id\":\"https:\/\/www.normisjon.no\/telemark\/#\/schema\/person\/95a4dd6194d4f053752d9b840bc536aa\",\"name\":\"eirik\",\"image\":{\"@type\":\"ImageObject\",\"inLanguage\":\"nb-NO\",\"@id\":\"https:\/\/www.normisjon.no\/telemark\/#\/schema\/person\/image\/\",\"url\":\"https:\/\/secure.gravatar.com\/avatar\/ff44f718cab37204ff704ee81e7be045c680c26c03b7d2a19387490a9e58a741?s=96&d=mm&r=g\",\"contentUrl\":\"https:\/\/secure.gravatar.com\/avatar\/ff44f718cab37204ff704ee81e7be045c680c26c03b7d2a19387490a9e58a741?s=96&d=mm&r=g\",\"caption\":\"eirik\"},\"url\":\"https:\/\/www.normisjon.no\/telemark\/author\/eirik\/\"}]}<\/script>\n<!-- \/ Yoast SEO plugin. -->","yoast_head_json":{"title":"Leiroversikt 2020 - Region Telemark","robots":{"index":"index","follow":"follow","max-snippet":"max-snippet:-1","max-image-preview":"max-image-preview:large","max-video-preview":"max-video-preview:-1"},"canonical":"https:\/\/www.normisjon.no\/telemark\/2019\/12\/12\/leiroversikt-2020\/","og_locale":"nb_NO","og_type":"article","og_title":"Leiroversikt 2020 - Region Telemark","og_description":"2019 g\u00e5r mot en avslutning og planene for leirer det kommende \u00e5ret er i stor grad i gang. Her f\u00f8lger en oversikt over leirene vi [&hellip;]","og_url":"https:\/\/www.normisjon.no\/telemark\/2019\/12\/12\/leiroversikt-2020\/","og_site_name":"Region Telemark","article_published_time":"2019-12-12T13:07:24+00:00","article_modified_time":"2020-03-12T16:52:54+00:00","og_image":[{"width":1024,"height":536,"url":"https:\/\/www.normisjon.no\/content\/uploads\/sites\/20\/2019\/12\/leirkollage-1024x536.jpg","type":"image\/jpeg"}],"author":"eirik","twitter_card":"summary_large_image","twitter_misc":{"Skrevet av":"eirik","Ansl. lesetid":"1 minutt"},"schema":{"@context":"https:\/\/schema.org","@graph":[{"@type":"WebPage","@id":"https:\/\/www.normisjon.no\/telemark\/2019\/12\/12\/leiroversikt-2020\/","url":"https:\/\/www.normisjon.no\/telemark\/2019\/12\/12\/leiroversikt-2020\/","name":"Leiroversikt 2020 - Region Telemark","isPartOf":{"@id":"https:\/\/www.normisjon.no\/telemark\/#website"},"primaryImageOfPage":{"@id":"https:\/\/www.normisjon.no\/telemark\/2019\/12\/12\/leiroversikt-2020\/#primaryimage"},"image":{"@id":"https:\/\/www.normisjon.no\/telemark\/2019\/12\/12\/leiroversikt-2020\/#primaryimage"},"thumbnailUrl":"https:\/\/www.normisjon.no\/content\/uploads\/sites\/20\/2019\/12\/leirkollage.jpg","datePublished":"2019-12-12T13:07:24+00:00","dateModified":"2020-03-12T16:52:54+00:00","author":{"@id":"https:\/\/www.normisjon.no\/telemark\/#\/schema\/person\/95a4dd6194d4f053752d9b840bc536aa"},"breadcrumb":{"@id":"https:\/\/www.normisjon.no\/telemark\/2019\/12\/12\/leiroversikt-2020\/#breadcrumb"},"inLanguage":"nb-NO","potentialAction":[{"@type":"ReadAction","target":["https:\/\/www.normisjon.no\/telemark\/2019\/12\/12\/leiroversikt-2020\/"]}]},{"@type":"ImageObject","inLanguage":"nb-NO","@id":"https:\/\/www.normisjon.no\/telemark\/2019\/12\/12\/leiroversikt-2020\/#primaryimage","url":"https:\/\/www.normisjon.no\/content\/uploads\/sites\/20\/2019\/12\/leirkollage.jpg","contentUrl":"https:\/\/www.normisjon.no\/content\/uploads\/sites\/20\/2019\/12\/leirkollage.jpg","width":10000,"height":5233},{"@type":"BreadcrumbList","@id":"https:\/\/www.normisjon.no\/telemark\/2019\/12\/12\/leiroversikt-2020\/#breadcrumb","itemListElement":[{"@type":"ListItem","position":1,"name":"Home","item":"https:\/\/www.normisjon.no\/telemark\/"},{"@type":"ListItem","position":2,"name":"Leiroversikt 2020"}]},{"@type":"WebSite","@id":"https:\/\/www.normisjon.no\/telemark\/#website","url":"https:\/\/www.normisjon.no\/telemark\/","name":"Region Telemark","description":"Sammen er vi Normisjon","potentialAction":[{"@type":"SearchAction","target":{"@type":"EntryPoint","urlTemplate":"https:\/\/www.normisjon.no\/telemark\/?s={search_term_string}"},"query-input":{"@type":"PropertyValueSpecification","valueRequired":true,"valueName":"search_term_string"}}],"inLanguage":"nb-NO"},{"@type":"Person","@id":"https:\/\/www.normisjon.no\/telemark\/#\/schema\/person\/95a4dd6194d4f053752d9b840bc536aa","name":"eirik","image":{"@type":"ImageObject","inLanguage":"nb-NO","@id":"https:\/\/www.normisjon.no\/telemark\/#\/schema\/person\/image\/","url":"https:\/\/secure.gravatar.com\/avatar\/ff44f718cab37204ff704ee81e7be045c680c26c03b7d2a19387490a9e58a741?s=96&d=mm&r=g","contentUrl":"https:\/\/secure.gravatar.com\/avatar\/ff44f718cab37204ff704ee81e7be045c680c26c03b7d2a19387490a9e58a741?s=96&d=mm&r=g","caption":"eirik"},"url":"https:\/\/www.normisjon.no\/telemark\/author\/eirik\/"}]}},"_links":{"self":[{"href":"https:\/\/www.normisjon.no\/telemark\/wp-json\/wp\/v2\/posts\/1108","targetHints":{"allow":["GET"]}}],"collection":[{"href":"https:\/\/www.normisjon.no\/telemark\/wp-json\/wp\/v2\/posts"}],"about":[{"href":"https:\/\/www.normisjon.no\/telemark\/wp-json\/wp\/v2\/types\/post"}],"author":[{"embeddable":true,"href":"https:\/\/www.normisjon.no\/telemark\/wp-json\/wp\/v2\/users\/30"}],"replies":[{"embeddable":true,"href":"https:\/\/www.normisjon.no\/telemark\/wp-json\/wp\/v2\/comments?post=1108"}],"version-history":[{"count":2,"href":"https:\/\/www.normisjon.no\/telemark\/wp-json\/wp\/v2\/posts\/1108\/revisions"}],"predecessor-version":[{"id":1176,"href":"https:\/\/www.normisjon.no\/telemark\/wp-json\/wp\/v2\/posts\/1108\/revisions\/1176"}],"wp:featuredmedia":[{"embeddable":true,"href":"https:\/\/www.normisjon.no\/telemark\/wp-json\/wp\/v2\/media\/1109"}],"wp:attachment":[{"href":"https:\/\/www.normisjon.no\/telemark\/wp-json\/wp\/v2\/media?parent=1108"}],"wp:term":[{"taxonomy":"category","embeddable":true,"href":"https:\/\/www.normisjon.no\/telemark\/wp-json\/wp\/v2\/categories?post=1108"},{"taxonomy":"post_tag","embeddable":true,"href":"https:\/\/www.normisjon.no\/telemark\/wp-json\/wp\/v2\/tags?post=1108"}],"curies":[{"name":"wp","href":"https:\/\/api.w.org\/{rel}","templated":true}]}}