{"id":1257,"date":"2020-05-05T10:50:18","date_gmt":"2020-05-05T08:50:18","guid":{"rendered":"https:\/\/www.normisjon.no\/telemark\/?p=1257"},"modified":"2020-05-11T12:52:57","modified_gmt":"2020-05-11T10:52:57","slug":"sommerleirene-avlyst","status":"publish","type":"post","link":"https:\/\/www.normisjon.no\/telemark\/2020\/05\/05\/sommerleirene-avlyst\/","title":{"rendered":"Sommerleirene avlyst!"},"content":{"rendered":"<div class=\"entry-content alignfull wp-block-post-content has-global-padding is-layout-constrained wp-block-post-content-is-layout-constrained\">\n<figure class=\"wp-block-image\"><img loading=\"lazy\" decoding=\"async\" width=\"1024\" height=\"805\" src=\"https:\/\/www.normisjon.no\/content\/uploads\/sites\/20\/2020\/05\/sommerleirer-2020-avlyst-1024x805.jpg\" alt=\"\" class=\"wp-image-1258\" srcset=\"https:\/\/www.normisjon.no\/content\/uploads\/sites\/20\/2020\/05\/sommerleirer-2020-avlyst-1024x805.jpg 1024w, https:\/\/www.normisjon.no\/content\/uploads\/sites\/20\/2020\/05\/sommerleirer-2020-avlyst-300x236.jpg 300w, https:\/\/www.normisjon.no\/content\/uploads\/sites\/20\/2020\/05\/sommerleirer-2020-avlyst-768x603.jpg 768w, https:\/\/www.normisjon.no\/content\/uploads\/sites\/20\/2020\/05\/sommerleirer-2020-avlyst-1920x1509.jpg 1920w, https:\/\/www.normisjon.no\/content\/uploads\/sites\/20\/2020\/05\/sommerleirer-2020-avlyst-1360x1069.jpg 1360w, https:\/\/www.normisjon.no\/content\/uploads\/sites\/20\/2020\/05\/sommerleirer-2020-avlyst-960x754.jpg 960w\" sizes=\"auto, (max-width: 1024px) 100vw, 1024px\" \/><\/figure>\n\n\n\n<p> P\u00e5 grunn ac COVID-19 situasjonen ser ikke vi i Normisjon og Acta Telemark hvordan vi skal kunne gjennomf\u00f8re \u00e5rets leirer samtidig som vi opprettholder alle smitteverntiltak. Vi har derfor, etter dialog med bla kommuneoverlegen, tatt den beklagelige avgj\u00f8relsen om \u00e5 avlyse alle leirer ut august&nbsp;\u2639\ufe0f&nbsp;Pappaleiren i august g\u00e5r forel\u00f8pig som planlagt. <br>En ting som er sikkert, er at vi kommer sterkere tilbake! Vi har noe planer for en eller annen lederhappening i august. Stay tuned! <\/p>\n<\/div>","protected":false},"excerpt":{"rendered":"<p>P\u00e5 grunn ac COVID-19 situasjonen ser ikke vi i Normisjon og Acta Telemark hvordan vi skal kunne gjennomf\u00f8re \u00e5rets leirer samtidig som vi opprettholder alle [&hellip;]<\/p>\n","protected":false},"author":30,"featured_media":1259,"comment_status":"closed","ping_status":"closed","sticky":false,"template":"","format":"standard","meta":{"_acf_changed":false,"footnotes":""},"categories":[1],"tags":[],"class_list":["post-1257","post","type-post","status-publish","format-standard","has-post-thumbnail","hentry","category-leirsteder"],"acf":[],"yoast_head":"<!-- This site is optimized with the Yoast SEO plugin v25.9 - https:\/\/yoast.com\/wordpress\/plugins\/seo\/ -->\n<title>Sommerleirene avlyst! - Region Telemark<\/title>\n<meta name=\"robots\" content=\"index, follow, max-snippet:-1, max-image-preview:large, max-video-preview:-1\" \/>\n<link rel=\"canonical\" href=\"https:\/\/www.normisjon.no\/telemark\/2020\/05\/05\/sommerleirene-avlyst\/\" \/>\n<meta property=\"og:locale\" content=\"nb_NO\" \/>\n<meta property=\"og:type\" content=\"article\" \/>\n<meta property=\"og:title\" content=\"Sommerleirene avlyst! - Region Telemark\" \/>\n<meta property=\"og:description\" content=\"P\u00e5 grunn ac COVID-19 situasjonen ser ikke vi i Normisjon og Acta Telemark hvordan vi skal kunne gjennomf\u00f8re \u00e5rets leirer samtidig som vi opprettholder alle [&hellip;]\" \/>\n<meta property=\"og:url\" content=\"https:\/\/www.normisjon.no\/telemark\/2020\/05\/05\/sommerleirene-avlyst\/\" \/>\n<meta property=\"og:site_name\" content=\"Region Telemark\" \/>\n<meta property=\"article:published_time\" content=\"2020-05-05T08:50:18+00:00\" \/>\n<meta property=\"article:modified_time\" content=\"2020-05-11T10:52:57+00:00\" \/>\n<meta property=\"og:image\" content=\"https:\/\/www.normisjon.no\/content\/uploads\/sites\/20\/2020\/05\/avlyst.png\" \/>\n\t<meta property=\"og:image:width\" content=\"400\" \/>\n\t<meta property=\"og:image:height\" content=\"267\" \/>\n\t<meta property=\"og:image:type\" content=\"image\/png\" \/>\n<meta name=\"author\" content=\"eirik\" \/>\n<meta name=\"twitter:card\" content=\"summary_large_image\" \/>\n<meta name=\"twitter:label1\" content=\"Skrevet av\" \/>\n\t<meta name=\"twitter:data1\" content=\"eirik\" \/>\n<script type=\"application\/ld+json\" class=\"yoast-schema-graph\">{\"@context\":\"https:\/\/schema.org\",\"@graph\":[{\"@type\":\"WebPage\",\"@id\":\"https:\/\/www.normisjon.no\/telemark\/2020\/05\/05\/sommerleirene-avlyst\/\",\"url\":\"https:\/\/www.normisjon.no\/telemark\/2020\/05\/05\/sommerleirene-avlyst\/\",\"name\":\"Sommerleirene avlyst! - Region Telemark\",\"isPartOf\":{\"@id\":\"https:\/\/www.normisjon.no\/telemark\/#website\"},\"primaryImageOfPage\":{\"@id\":\"https:\/\/www.normisjon.no\/telemark\/2020\/05\/05\/sommerleirene-avlyst\/#primaryimage\"},\"image\":{\"@id\":\"https:\/\/www.normisjon.no\/telemark\/2020\/05\/05\/sommerleirene-avlyst\/#primaryimage\"},\"thumbnailUrl\":\"https:\/\/www.normisjon.no\/content\/uploads\/sites\/20\/2020\/05\/avlyst.png\",\"datePublished\":\"2020-05-05T08:50:18+00:00\",\"dateModified\":\"2020-05-11T10:52:57+00:00\",\"author\":{\"@id\":\"https:\/\/www.normisjon.no\/telemark\/#\/schema\/person\/95a4dd6194d4f053752d9b840bc536aa\"},\"breadcrumb\":{\"@id\":\"https:\/\/www.normisjon.no\/telemark\/2020\/05\/05\/sommerleirene-avlyst\/#breadcrumb\"},\"inLanguage\":\"nb-NO\",\"potentialAction\":[{\"@type\":\"ReadAction\",\"target\":[\"https:\/\/www.normisjon.no\/telemark\/2020\/05\/05\/sommerleirene-avlyst\/\"]}]},{\"@type\":\"ImageObject\",\"inLanguage\":\"nb-NO\",\"@id\":\"https:\/\/www.normisjon.no\/telemark\/2020\/05\/05\/sommerleirene-avlyst\/#primaryimage\",\"url\":\"https:\/\/www.normisjon.no\/content\/uploads\/sites\/20\/2020\/05\/avlyst.png\",\"contentUrl\":\"https:\/\/www.normisjon.no\/content\/uploads\/sites\/20\/2020\/05\/avlyst.png\",\"width\":400,\"height\":267},{\"@type\":\"BreadcrumbList\",\"@id\":\"https:\/\/www.normisjon.no\/telemark\/2020\/05\/05\/sommerleirene-avlyst\/#breadcrumb\",\"itemListElement\":[{\"@type\":\"ListItem\",\"position\":1,\"name\":\"Home\",\"item\":\"https:\/\/www.normisjon.no\/telemark\/\"},{\"@type\":\"ListItem\",\"position\":2,\"name\":\"Sommerleirene avlyst!\"}]},{\"@type\":\"WebSite\",\"@id\":\"https:\/\/www.normisjon.no\/telemark\/#website\",\"url\":\"https:\/\/www.normisjon.no\/telemark\/\",\"name\":\"Region Telemark\",\"description\":\"Sammen er vi Normisjon\",\"potentialAction\":[{\"@type\":\"SearchAction\",\"target\":{\"@type\":\"EntryPoint\",\"urlTemplate\":\"https:\/\/www.normisjon.no\/telemark\/?s={search_term_string}\"},\"query-input\":{\"@type\":\"PropertyValueSpecification\",\"valueRequired\":true,\"valueName\":\"search_term_string\"}}],\"inLanguage\":\"nb-NO\"},{\"@type\":\"Person\",\"@id\":\"https:\/\/www.normisjon.no\/telemark\/#\/schema\/person\/95a4dd6194d4f053752d9b840bc536aa\",\"name\":\"eirik\",\"image\":{\"@type\":\"ImageObject\",\"inLanguage\":\"nb-NO\",\"@id\":\"https:\/\/www.normisjon.no\/telemark\/#\/schema\/person\/image\/\",\"url\":\"https:\/\/secure.gravatar.com\/avatar\/ff44f718cab37204ff704ee81e7be045c680c26c03b7d2a19387490a9e58a741?s=96&d=mm&r=g\",\"contentUrl\":\"https:\/\/secure.gravatar.com\/avatar\/ff44f718cab37204ff704ee81e7be045c680c26c03b7d2a19387490a9e58a741?s=96&d=mm&r=g\",\"caption\":\"eirik\"},\"url\":\"https:\/\/www.normisjon.no\/telemark\/author\/eirik\/\"}]}<\/script>\n<!-- \/ Yoast SEO plugin. -->","yoast_head_json":{"title":"Sommerleirene avlyst! - Region Telemark","robots":{"index":"index","follow":"follow","max-snippet":"max-snippet:-1","max-image-preview":"max-image-preview:large","max-video-preview":"max-video-preview:-1"},"canonical":"https:\/\/www.normisjon.no\/telemark\/2020\/05\/05\/sommerleirene-avlyst\/","og_locale":"nb_NO","og_type":"article","og_title":"Sommerleirene avlyst! - Region Telemark","og_description":"P\u00e5 grunn ac COVID-19 situasjonen ser ikke vi i Normisjon og Acta Telemark hvordan vi skal kunne gjennomf\u00f8re \u00e5rets leirer samtidig som vi opprettholder alle [&hellip;]","og_url":"https:\/\/www.normisjon.no\/telemark\/2020\/05\/05\/sommerleirene-avlyst\/","og_site_name":"Region Telemark","article_published_time":"2020-05-05T08:50:18+00:00","article_modified_time":"2020-05-11T10:52:57+00:00","og_image":[{"width":400,"height":267,"url":"https:\/\/www.normisjon.no\/content\/uploads\/sites\/20\/2020\/05\/avlyst.png","type":"image\/png"}],"author":"eirik","twitter_card":"summary_large_image","twitter_misc":{"Skrevet av":"eirik"},"schema":{"@context":"https:\/\/schema.org","@graph":[{"@type":"WebPage","@id":"https:\/\/www.normisjon.no\/telemark\/2020\/05\/05\/sommerleirene-avlyst\/","url":"https:\/\/www.normisjon.no\/telemark\/2020\/05\/05\/sommerleirene-avlyst\/","name":"Sommerleirene avlyst! - Region Telemark","isPartOf":{"@id":"https:\/\/www.normisjon.no\/telemark\/#website"},"primaryImageOfPage":{"@id":"https:\/\/www.normisjon.no\/telemark\/2020\/05\/05\/sommerleirene-avlyst\/#primaryimage"},"image":{"@id":"https:\/\/www.normisjon.no\/telemark\/2020\/05\/05\/sommerleirene-avlyst\/#primaryimage"},"thumbnailUrl":"https:\/\/www.normisjon.no\/content\/uploads\/sites\/20\/2020\/05\/avlyst.png","datePublished":"2020-05-05T08:50:18+00:00","dateModified":"2020-05-11T10:52:57+00:00","author":{"@id":"https:\/\/www.normisjon.no\/telemark\/#\/schema\/person\/95a4dd6194d4f053752d9b840bc536aa"},"breadcrumb":{"@id":"https:\/\/www.normisjon.no\/telemark\/2020\/05\/05\/sommerleirene-avlyst\/#breadcrumb"},"inLanguage":"nb-NO","potentialAction":[{"@type":"ReadAction","target":["https:\/\/www.normisjon.no\/telemark\/2020\/05\/05\/sommerleirene-avlyst\/"]}]},{"@type":"ImageObject","inLanguage":"nb-NO","@id":"https:\/\/www.normisjon.no\/telemark\/2020\/05\/05\/sommerleirene-avlyst\/#primaryimage","url":"https:\/\/www.normisjon.no\/content\/uploads\/sites\/20\/2020\/05\/avlyst.png","contentUrl":"https:\/\/www.normisjon.no\/content\/uploads\/sites\/20\/2020\/05\/avlyst.png","width":400,"height":267},{"@type":"BreadcrumbList","@id":"https:\/\/www.normisjon.no\/telemark\/2020\/05\/05\/sommerleirene-avlyst\/#breadcrumb","itemListElement":[{"@type":"ListItem","position":1,"name":"Home","item":"https:\/\/www.normisjon.no\/telemark\/"},{"@type":"ListItem","position":2,"name":"Sommerleirene avlyst!"}]},{"@type":"WebSite","@id":"https:\/\/www.normisjon.no\/telemark\/#website","url":"https:\/\/www.normisjon.no\/telemark\/","name":"Region Telemark","description":"Sammen er vi Normisjon","potentialAction":[{"@type":"SearchAction","target":{"@type":"EntryPoint","urlTemplate":"https:\/\/www.normisjon.no\/telemark\/?s={search_term_string}"},"query-input":{"@type":"PropertyValueSpecification","valueRequired":true,"valueName":"search_term_string"}}],"inLanguage":"nb-NO"},{"@type":"Person","@id":"https:\/\/www.normisjon.no\/telemark\/#\/schema\/person\/95a4dd6194d4f053752d9b840bc536aa","name":"eirik","image":{"@type":"ImageObject","inLanguage":"nb-NO","@id":"https:\/\/www.normisjon.no\/telemark\/#\/schema\/person\/image\/","url":"https:\/\/secure.gravatar.com\/avatar\/ff44f718cab37204ff704ee81e7be045c680c26c03b7d2a19387490a9e58a741?s=96&d=mm&r=g","contentUrl":"https:\/\/secure.gravatar.com\/avatar\/ff44f718cab37204ff704ee81e7be045c680c26c03b7d2a19387490a9e58a741?s=96&d=mm&r=g","caption":"eirik"},"url":"https:\/\/www.normisjon.no\/telemark\/author\/eirik\/"}]}},"_links":{"self":[{"href":"https:\/\/www.normisjon.no\/telemark\/wp-json\/wp\/v2\/posts\/1257","targetHints":{"allow":["GET"]}}],"collection":[{"href":"https:\/\/www.normisjon.no\/telemark\/wp-json\/wp\/v2\/posts"}],"about":[{"href":"https:\/\/www.normisjon.no\/telemark\/wp-json\/wp\/v2\/types\/post"}],"author":[{"embeddable":true,"href":"https:\/\/www.normisjon.no\/telemark\/wp-json\/wp\/v2\/users\/30"}],"replies":[{"embeddable":true,"href":"https:\/\/www.normisjon.no\/telemark\/wp-json\/wp\/v2\/comments?post=1257"}],"version-history":[{"count":3,"href":"https:\/\/www.normisjon.no\/telemark\/wp-json\/wp\/v2\/posts\/1257\/revisions"}],"predecessor-version":[{"id":1274,"href":"https:\/\/www.normisjon.no\/telemark\/wp-json\/wp\/v2\/posts\/1257\/revisions\/1274"}],"wp:featuredmedia":[{"embeddable":true,"href":"https:\/\/www.normisjon.no\/telemark\/wp-json\/wp\/v2\/media\/1259"}],"wp:attachment":[{"href":"https:\/\/www.normisjon.no\/telemark\/wp-json\/wp\/v2\/media?parent=1257"}],"wp:term":[{"taxonomy":"category","embeddable":true,"href":"https:\/\/www.normisjon.no\/telemark\/wp-json\/wp\/v2\/categories?post=1257"},{"taxonomy":"post_tag","embeddable":true,"href":"https:\/\/www.normisjon.no\/telemark\/wp-json\/wp\/v2\/tags?post=1257"}],"curies":[{"name":"wp","href":"https:\/\/api.w.org\/{rel}","templated":true}]}}